{"id":1034,"date":"2023-05-25T15:12:27","date_gmt":"2023-05-25T13:12:27","guid":{"rendered":"https:\/\/www.whatthefit.fr\/?p=1034"},"modified":"2023-05-25T15:12:49","modified_gmt":"2023-05-25T13:12:49","slug":"la-news-de-la-joie","status":"publish","type":"post","link":"https:\/\/www.whatthefit.fr\/index.php\/2023\/05\/25\/la-news-de-la-joie\/","title":{"rendered":"La News de la Joie !"},"content":{"rendered":"\n<p>Odeur de Banana Cake tout juste sorti du four, t\u00e9l\u00e9travail et musiques chouettes sur l&rsquo;enceinte = grande chaleur dans mon c\u0153ur.<\/p>\n\n\n\n<p>J&rsquo;ai plein de petites infos \u00e0 vous partager, en esp\u00e9rant qu&rsquo;elles vous donneront le smile \u2600\ufe0f.<\/p>\n\n\n\n<hr class=\"wp-block-separator has-alpha-channel-opacity is-style-wide\"\/>\n\n\n\n<h2 class=\"wp-block-heading\">Alors, on danse ?<\/h2>\n\n\n\n<p>Malheureusement, contrainte boulot pour mon ch\u00e9ri ce soir, je ne pourrai pas vous faire danser \u00e0 la Nativit\u00e9.<\/p>\n\n\n\n<p>Audrey a adorablement accept\u00e9 de me remplacer (merci \ud83d\ude4f) avec son Regular de feu \ud83d\udd25.<\/p>\n\n\n\n<p><strong>On reporte au 22 juin 18h30 ? Ca vous dit ?<\/strong><\/p>\n\n\n\n<p>Pas besoin de tutu, venez nature-peinture, avec beaucoup de d\u00e9contraction et d&rsquo;auto-d\u00e9rision \ud83e\udd2a.<\/p>\n\n\n\n<hr class=\"wp-block-separator has-alpha-channel-opacity is-style-wide\"\/>\n\n\n\n<h2 class=\"wp-block-heading\">Ca vous a plu ? Vous en voulez encore ?<\/h2>\n\n\n<div class=\"wp-block-image\">\n<figure class=\"aligncenter size-full\"><img loading=\"lazy\" decoding=\"async\" width=\"700\" height=\"400\" src=\"https:\/\/www.whatthefit.fr\/wp-content\/uploads\/2023\/05\/WTF.png\" alt=\"\" class=\"wp-image-1032\" srcset=\"https:\/\/www.whatthefit.fr\/wp-content\/uploads\/2023\/05\/WTF.png 700w, https:\/\/www.whatthefit.fr\/wp-content\/uploads\/2023\/05\/WTF-300x171.png 300w, https:\/\/www.whatthefit.fr\/wp-content\/uploads\/2023\/05\/WTF-600x343.png 600w\" sizes=\"auto, (max-width: 700px) 100vw, 700px\" \/><\/figure>\n<\/div>\n\n\n<p>Comme on s&rsquo;est beaucoup amus\u00e9es avec Mimi pour vous proposer ce cours et qu&rsquo;on a aussi beaucoup souffert, on recommence !<\/p>\n\n\n\n<p><strong>Rendez-vous Jeudi 01 juin \u00e0 19h \u00e0 la Nativit\u00e9. Vous viendrez \ud83e\udd29 ?<\/strong><\/p>\n\n\n\n<p>Attention, Emeline nous pr\u00eate son cr\u00e9neau, il n&rsquo;y aura donc <strong>que ce seul cours : de 19h \u00e0 20h.<\/strong><\/p>\n\n\n\n<hr class=\"wp-block-separator has-alpha-channel-opacity is-style-wide\"\/>\n\n\n\n<h2 class=\"wp-block-heading\">Renouvellements de programmes &#8211; d\u00e8s juin !<\/h2>\n\n\n\n<p><br>Vous savez le temps que prend un renouvellement de programme ?<\/p>\n\n\n\n<p>J&rsquo;avais post\u00e9 un article \u00e0 ce sujet, il y a longtemps, o\u00f9 j&rsquo;avais \u00e9valu\u00e9 \u00e0 environ 30 heures le temps n\u00e9cessaire \u00e0 la construction d&rsquo;un nouveau programme.<\/p>\n\n\n\n<p>Evidemment, ca varie, selon l&rsquo;intensit\u00e9 du programme, l&rsquo;exp\u00e9rience de l&rsquo;animatrice, l&rsquo;inspiration du moment..<br>Plusieurs programmes sont en cours de renouvellement, et il me semblait important de vous en parler, justement parce que ca repr\u00e9sente du taf.<\/p>\n\n\n\n<ul class=\"wp-block-list\">\n<li>Audrey vous proposera son nouveau <strong>Power le 06 juin \u00e0 Daudet \u00e0 20h<\/strong>. C&rsquo;est une Intensit\u00e9 qu&rsquo;elle a cr\u00e9\u00e9e de A \u00e0 Z, de la courbe d&rsquo;intensit\u00e9 au choix des exercices. Audrey c&rsquo;est LA bonne \u00e9l\u00e8ve WTF, elle renouvelle toujours ses programmes r\u00e9guli\u00e8rement, bosse dur, essaie de prendre en compte vos remarques, et nous demande aussi notre avis.<\/li>\n\n\n\n<li>Entre les compotes maison de ses jolies poup\u00e9es, la vie de famille et le boulot, <strong>Emilie <\/strong>aussi travaille sur un nouveau <strong>IT Fit<\/strong>, qu&rsquo;elle vous proposera \u00e0 Daudet, d\u00e8s le samedi 10 juin. Il promet \u00e9videmment d&rsquo;\u00eatre <strong>compl\u00e8tement explosif<\/strong> !<\/li>\n\n\n\n<li><strong>Despecha <\/strong>de Rosalia, musique bien dansante aux <strong>accents latino,<\/strong> sera dans la playlist du nouveau<strong> Soft d&rsquo;Emeline<\/strong>. Il lui reste quelques mouvements \u00e0 mettre en musique, et \u00e0 faire valider le tout. Lancement pr\u00e9vu, caliente, avant l&rsquo;\u00e9t\u00e9 \ud83c\udf3a.<\/li>\n\n\n\n<li>Dans les derni\u00e8res sorties, on retrouve aussi le <strong>duo magique, Elsa &amp; Flo<\/strong>, les compl\u00e9mentaires, avec un IT \u00e0 leur image, <strong>dynamique, bienveillant et accessible<\/strong>, \u00e0 retrouver un samedi sur deux \u00e0 Daudet. Ce qui est int\u00e9ressant sur ce cours en st\u00e9r\u00e9o, c&rsquo;est que, selon l&rsquo;oreille, vous aurez parfois une <strong>double version du mouvement<\/strong>. A vous de choisir celle qui vous pla\u00eet le plus.<\/li>\n\n\n\n<li>De mon c\u00f4t\u00e9, j&rsquo;ai sorti mon dernier <strong>Balance<\/strong>, et ca y est, je commence \u00e0 m&rsquo;amuser \ud83e\udd70 (et donc \u00e0 vous challenger un peu). Certains mouvements sont un peu hard, mais rassurez-vous, plus vous viendrez et plus vous serez \u00e0 l&rsquo;aise \ud83d\ude42. C&rsquo;est comme ca pour tous les cours !<\/li>\n<\/ul>\n\n\n\n<hr class=\"wp-block-separator has-alpha-channel-opacity is-style-wide\"\/>\n\n\n\n<h2 class=\"wp-block-heading\">Fin juin, le plein air<\/h2>\n\n\n\n<p>Depuis sa cr\u00e9ation, What the Fit (et avant elle, Gym Su\u00e9doise Pays d&rsquo;Aix) a toujours propos\u00e9 <strong>des cours gratuits en plein air sur la Pelouse de la Torse, tout l&rsquo;\u00e9t\u00e9.<\/strong><\/p>\n\n\n\n<div class=\"wp-block-columns is-layout-flex wp-container-core-columns-is-layout-9d6595d7 wp-block-columns-is-layout-flex\">\n<div class=\"wp-block-column is-layout-flow wp-block-column-is-layout-flow\">\n<figure class=\"wp-block-image size-large\"><img loading=\"lazy\" decoding=\"async\" width=\"788\" height=\"1024\" src=\"https:\/\/www.whatthefit.fr\/wp-content\/uploads\/2023\/05\/21062022-IMG_1355-788x1024.jpg\" alt=\"\" class=\"wp-image-1033\" srcset=\"https:\/\/www.whatthefit.fr\/wp-content\/uploads\/2023\/05\/21062022-IMG_1355-788x1024.jpg 788w, https:\/\/www.whatthefit.fr\/wp-content\/uploads\/2023\/05\/21062022-IMG_1355-231x300.jpg 231w, https:\/\/www.whatthefit.fr\/wp-content\/uploads\/2023\/05\/21062022-IMG_1355-768x998.jpg 768w, https:\/\/www.whatthefit.fr\/wp-content\/uploads\/2023\/05\/21062022-IMG_1355-1182x1536.jpg 1182w, https:\/\/www.whatthefit.fr\/wp-content\/uploads\/2023\/05\/21062022-IMG_1355-1576x2048.jpg 1576w, https:\/\/www.whatthefit.fr\/wp-content\/uploads\/2023\/05\/21062022-IMG_1355-1320x1715.jpg 1320w, https:\/\/www.whatthefit.fr\/wp-content\/uploads\/2023\/05\/21062022-IMG_1355-600x780.jpg 600w, https:\/\/www.whatthefit.fr\/wp-content\/uploads\/2023\/05\/21062022-IMG_1355-scaled.jpg 1970w\" sizes=\"auto, (max-width: 788px) 100vw, 788px\" \/><\/figure>\n<\/div>\n\n\n\n<div class=\"wp-block-column is-layout-flow wp-block-column-is-layout-flow\">\n<div style=\"height:100px\" aria-hidden=\"true\" class=\"wp-block-spacer\"><\/div>\n\n\n\n<p>L&rsquo;\u00e9t\u00e9 approche et notre Fred pr\u00e9f\u00e9r\u00e9e a envoy\u00e9 notre demande \u00e0 la Mairie : les mardis, jeudis et samedi matin d\u00e8s fin juin (date \u00e0 confirmer).<\/p>\n\n\n\n<p>C&rsquo;est l&rsquo;occasion pour nous de nous faire conna\u00eetre, et de faire bouger les Aixois dans un cadre exceptionnel.<\/p>\n\n\n\n<p>On esp\u00e8re vous y retrouver nombreux !<\/p>\n<\/div>\n<\/div>\n\n\n\n<hr class=\"wp-block-separator has-alpha-channel-opacity is-style-wide\"\/>\n\n\n\n<p>C&rsquo;est tout pour aujourd&rsquo;hui.<\/p>\n\n\n\n<p>H\u00e9, h\u00e9, on s&rsquo;voit quand ? \ud83d\ude0b<\/p>\n\n\n\n<div class=\"wp-block-buttons is-content-justification-center is-layout-flex wp-container-core-buttons-is-layout-16018d1d wp-block-buttons-is-layout-flex\">\n<div class=\"wp-block-button is-style-fill\"><a class=\"wp-block-button__link wp-element-button\" href=\"\" target=\"_blank\" rel=\"noreferrer noopener\">Un check au planning<\/a><\/div>\n<\/div>\n","protected":false},"excerpt":{"rendered":"<p>Odeur de Banana Cake tout juste sorti du four, t\u00e9l\u00e9travail et musiques chouettes sur l&rsquo;enceinte = grande chaleur dans mon c\u0153ur. J&rsquo;ai plein de petites infos \u00e0 vous partager, en esp\u00e9rant qu&rsquo;elles vous donneront le smile \u2600\ufe0f. Alors, on danse ? Malheureusement, contrainte boulot pour mon ch\u00e9ri ce soir, je ne pourrai pas vous faire [&hellip;]<\/p>\n","protected":false},"author":1,"featured_media":0,"comment_status":"closed","ping_status":"open","sticky":false,"template":"","format":"standard","meta":{"_uag_custom_page_level_css":"","footnotes":""},"categories":[46],"tags":[],"class_list":["post-1034","post","type-post","status-publish","format-standard","hentry","category-newsletter","entry"],"yoast_head":"<!-- This site is optimized with the Yoast SEO plugin v27.5 - https:\/\/yoast.com\/product\/yoast-seo-wordpress\/ -->\n<title>La News de la Joie ! - What the Fit<\/title>\n<meta name=\"robots\" content=\"index, follow, max-snippet:-1, max-image-preview:large, max-video-preview:-1\" \/>\n<link rel=\"canonical\" href=\"https:\/\/www.whatthefit.fr\/index.php\/2023\/05\/25\/la-news-de-la-joie\/\" \/>\n<meta property=\"og:locale\" content=\"fr_FR\" \/>\n<meta property=\"og:type\" content=\"article\" \/>\n<meta property=\"og:title\" content=\"La News de la Joie ! - What the Fit\" \/>\n<meta property=\"og:description\" content=\"Odeur de Banana Cake tout juste sorti du four, t\u00e9l\u00e9travail et musiques chouettes sur l&rsquo;enceinte = grande chaleur dans mon c\u0153ur. J&rsquo;ai plein de petites infos \u00e0 vous partager, en esp\u00e9rant qu&rsquo;elles vous donneront le smile \u2600\ufe0f. Alors, on danse ? Malheureusement, contrainte boulot pour mon ch\u00e9ri ce soir, je ne pourrai pas vous faire [&hellip;]\" \/>\n<meta property=\"og:url\" content=\"https:\/\/www.whatthefit.fr\/index.php\/2023\/05\/25\/la-news-de-la-joie\/\" \/>\n<meta property=\"og:site_name\" content=\"What the Fit\" \/>\n<meta property=\"article:publisher\" content=\"https:\/\/www.facebook.com\/AdminWTFit\/\" \/>\n<meta property=\"article:published_time\" content=\"2023-05-25T13:12:27+00:00\" \/>\n<meta property=\"article:modified_time\" content=\"2023-05-25T13:12:49+00:00\" \/>\n<meta property=\"og:image\" content=\"https:\/\/www.whatthefit.fr\/wp-content\/uploads\/2023\/05\/WTF.png\" \/>\n<meta name=\"author\" content=\"Admin1944\" \/>\n<meta name=\"twitter:card\" content=\"summary_large_image\" \/>\n<meta name=\"twitter:label1\" content=\"\u00c9crit par\" \/>\n\t<meta name=\"twitter:data1\" content=\"Admin1944\" \/>\n\t<meta name=\"twitter:label2\" content=\"Dur\u00e9e de lecture estim\u00e9e\" \/>\n\t<meta name=\"twitter:data2\" content=\"4 minutes\" \/>\n<script type=\"application\/ld+json\" class=\"yoast-schema-graph\">{\"@context\":\"https:\\\/\\\/schema.org\",\"@graph\":[{\"@type\":\"Article\",\"@id\":\"https:\\\/\\\/www.whatthefit.fr\\\/index.php\\\/2023\\\/05\\\/25\\\/la-news-de-la-joie\\\/#article\",\"isPartOf\":{\"@id\":\"https:\\\/\\\/www.whatthefit.fr\\\/index.php\\\/2023\\\/05\\\/25\\\/la-news-de-la-joie\\\/\"},\"author\":{\"name\":\"Admin1944\",\"@id\":\"https:\\\/\\\/www.whatthefit.fr\\\/#\\\/schema\\\/person\\\/44fbd68457bbed5c4d3aa0887f0f9c24\"},\"headline\":\"La News de la Joie !\",\"datePublished\":\"2023-05-25T13:12:27+00:00\",\"dateModified\":\"2023-05-25T13:12:49+00:00\",\"mainEntityOfPage\":{\"@id\":\"https:\\\/\\\/www.whatthefit.fr\\\/index.php\\\/2023\\\/05\\\/25\\\/la-news-de-la-joie\\\/\"},\"wordCount\":619,\"publisher\":{\"@id\":\"https:\\\/\\\/www.whatthefit.fr\\\/#organization\"},\"image\":{\"@id\":\"https:\\\/\\\/www.whatthefit.fr\\\/index.php\\\/2023\\\/05\\\/25\\\/la-news-de-la-joie\\\/#primaryimage\"},\"thumbnailUrl\":\"https:\\\/\\\/www.whatthefit.fr\\\/wp-content\\\/uploads\\\/2023\\\/05\\\/WTF.png\",\"articleSection\":[\"Newsletter\"],\"inLanguage\":\"fr-FR\"},{\"@type\":\"WebPage\",\"@id\":\"https:\\\/\\\/www.whatthefit.fr\\\/index.php\\\/2023\\\/05\\\/25\\\/la-news-de-la-joie\\\/\",\"url\":\"https:\\\/\\\/www.whatthefit.fr\\\/index.php\\\/2023\\\/05\\\/25\\\/la-news-de-la-joie\\\/\",\"name\":\"La News de la Joie ! - What the Fit\",\"isPartOf\":{\"@id\":\"https:\\\/\\\/www.whatthefit.fr\\\/#website\"},\"primaryImageOfPage\":{\"@id\":\"https:\\\/\\\/www.whatthefit.fr\\\/index.php\\\/2023\\\/05\\\/25\\\/la-news-de-la-joie\\\/#primaryimage\"},\"image\":{\"@id\":\"https:\\\/\\\/www.whatthefit.fr\\\/index.php\\\/2023\\\/05\\\/25\\\/la-news-de-la-joie\\\/#primaryimage\"},\"thumbnailUrl\":\"https:\\\/\\\/www.whatthefit.fr\\\/wp-content\\\/uploads\\\/2023\\\/05\\\/WTF.png\",\"datePublished\":\"2023-05-25T13:12:27+00:00\",\"dateModified\":\"2023-05-25T13:12:49+00:00\",\"breadcrumb\":{\"@id\":\"https:\\\/\\\/www.whatthefit.fr\\\/index.php\\\/2023\\\/05\\\/25\\\/la-news-de-la-joie\\\/#breadcrumb\"},\"inLanguage\":\"fr-FR\",\"potentialAction\":[{\"@type\":\"ReadAction\",\"target\":[\"https:\\\/\\\/www.whatthefit.fr\\\/index.php\\\/2023\\\/05\\\/25\\\/la-news-de-la-joie\\\/\"]}]},{\"@type\":\"ImageObject\",\"inLanguage\":\"fr-FR\",\"@id\":\"https:\\\/\\\/www.whatthefit.fr\\\/index.php\\\/2023\\\/05\\\/25\\\/la-news-de-la-joie\\\/#primaryimage\",\"url\":\"https:\\\/\\\/www.whatthefit.fr\\\/wp-content\\\/uploads\\\/2023\\\/05\\\/WTF.png\",\"contentUrl\":\"https:\\\/\\\/www.whatthefit.fr\\\/wp-content\\\/uploads\\\/2023\\\/05\\\/WTF.png\",\"width\":700,\"height\":400},{\"@type\":\"BreadcrumbList\",\"@id\":\"https:\\\/\\\/www.whatthefit.fr\\\/index.php\\\/2023\\\/05\\\/25\\\/la-news-de-la-joie\\\/#breadcrumb\",\"itemListElement\":[{\"@type\":\"ListItem\",\"position\":1,\"name\":\"Accueil\",\"item\":\"https:\\\/\\\/www.whatthefit.fr\\\/\"},{\"@type\":\"ListItem\",\"position\":2,\"name\":\"La News de la Joie !\"}]},{\"@type\":\"WebSite\",\"@id\":\"https:\\\/\\\/www.whatthefit.fr\\\/#website\",\"url\":\"https:\\\/\\\/www.whatthefit.fr\\\/\",\"name\":\"What the Fit\",\"description\":\"May the Fit be With You !\",\"publisher\":{\"@id\":\"https:\\\/\\\/www.whatthefit.fr\\\/#organization\"},\"potentialAction\":[{\"@type\":\"SearchAction\",\"target\":{\"@type\":\"EntryPoint\",\"urlTemplate\":\"https:\\\/\\\/www.whatthefit.fr\\\/?s={search_term_string}\"},\"query-input\":{\"@type\":\"PropertyValueSpecification\",\"valueRequired\":true,\"valueName\":\"search_term_string\"}}],\"inLanguage\":\"fr-FR\"},{\"@type\":\"Organization\",\"@id\":\"https:\\\/\\\/www.whatthefit.fr\\\/#organization\",\"name\":\"WTF - What the Fit\",\"url\":\"https:\\\/\\\/www.whatthefit.fr\\\/\",\"logo\":{\"@type\":\"ImageObject\",\"inLanguage\":\"fr-FR\",\"@id\":\"https:\\\/\\\/www.whatthefit.fr\\\/#\\\/schema\\\/logo\\\/image\\\/\",\"url\":\"https:\\\/\\\/www.whatthefit.fr\\\/wp-content\\\/uploads\\\/2022\\\/09\\\/Copie-de-Logo-Flo-VF-Noir.png\",\"contentUrl\":\"https:\\\/\\\/www.whatthefit.fr\\\/wp-content\\\/uploads\\\/2022\\\/09\\\/Copie-de-Logo-Flo-VF-Noir.png\",\"width\":1079,\"height\":1419,\"caption\":\"WTF - What the Fit\"},\"image\":{\"@id\":\"https:\\\/\\\/www.whatthefit.fr\\\/#\\\/schema\\\/logo\\\/image\\\/\"},\"sameAs\":[\"https:\\\/\\\/www.facebook.com\\\/AdminWTFit\\\/\",\"https:\\\/\\\/www.instagram.com\\\/wtfwhatthefitaix\\\/\"]},{\"@type\":\"Person\",\"@id\":\"https:\\\/\\\/www.whatthefit.fr\\\/#\\\/schema\\\/person\\\/44fbd68457bbed5c4d3aa0887f0f9c24\",\"name\":\"Admin1944\",\"sameAs\":[\"https:\\\/\\\/www.whatthefit.fr\"],\"url\":\"https:\\\/\\\/www.whatthefit.fr\\\/index.php\\\/author\\\/admin1944\\\/\"}]}<\/script>\n<!-- \/ Yoast SEO plugin. -->","yoast_head_json":{"title":"La News de la Joie ! - What the Fit","robots":{"index":"index","follow":"follow","max-snippet":"max-snippet:-1","max-image-preview":"max-image-preview:large","max-video-preview":"max-video-preview:-1"},"canonical":"https:\/\/www.whatthefit.fr\/index.php\/2023\/05\/25\/la-news-de-la-joie\/","og_locale":"fr_FR","og_type":"article","og_title":"La News de la Joie ! - What the Fit","og_description":"Odeur de Banana Cake tout juste sorti du four, t\u00e9l\u00e9travail et musiques chouettes sur l&rsquo;enceinte = grande chaleur dans mon c\u0153ur. J&rsquo;ai plein de petites infos \u00e0 vous partager, en esp\u00e9rant qu&rsquo;elles vous donneront le smile \u2600\ufe0f. Alors, on danse ? Malheureusement, contrainte boulot pour mon ch\u00e9ri ce soir, je ne pourrai pas vous faire [&hellip;]","og_url":"https:\/\/www.whatthefit.fr\/index.php\/2023\/05\/25\/la-news-de-la-joie\/","og_site_name":"What the Fit","article_publisher":"https:\/\/www.facebook.com\/AdminWTFit\/","article_published_time":"2023-05-25T13:12:27+00:00","article_modified_time":"2023-05-25T13:12:49+00:00","og_image":[{"url":"https:\/\/www.whatthefit.fr\/wp-content\/uploads\/2023\/05\/WTF.png","type":"","width":"","height":""}],"author":"Admin1944","twitter_card":"summary_large_image","twitter_misc":{"\u00c9crit par":"Admin1944","Dur\u00e9e de lecture estim\u00e9e":"4 minutes"},"schema":{"@context":"https:\/\/schema.org","@graph":[{"@type":"Article","@id":"https:\/\/www.whatthefit.fr\/index.php\/2023\/05\/25\/la-news-de-la-joie\/#article","isPartOf":{"@id":"https:\/\/www.whatthefit.fr\/index.php\/2023\/05\/25\/la-news-de-la-joie\/"},"author":{"name":"Admin1944","@id":"https:\/\/www.whatthefit.fr\/#\/schema\/person\/44fbd68457bbed5c4d3aa0887f0f9c24"},"headline":"La News de la Joie !","datePublished":"2023-05-25T13:12:27+00:00","dateModified":"2023-05-25T13:12:49+00:00","mainEntityOfPage":{"@id":"https:\/\/www.whatthefit.fr\/index.php\/2023\/05\/25\/la-news-de-la-joie\/"},"wordCount":619,"publisher":{"@id":"https:\/\/www.whatthefit.fr\/#organization"},"image":{"@id":"https:\/\/www.whatthefit.fr\/index.php\/2023\/05\/25\/la-news-de-la-joie\/#primaryimage"},"thumbnailUrl":"https:\/\/www.whatthefit.fr\/wp-content\/uploads\/2023\/05\/WTF.png","articleSection":["Newsletter"],"inLanguage":"fr-FR"},{"@type":"WebPage","@id":"https:\/\/www.whatthefit.fr\/index.php\/2023\/05\/25\/la-news-de-la-joie\/","url":"https:\/\/www.whatthefit.fr\/index.php\/2023\/05\/25\/la-news-de-la-joie\/","name":"La News de la Joie ! - What the Fit","isPartOf":{"@id":"https:\/\/www.whatthefit.fr\/#website"},"primaryImageOfPage":{"@id":"https:\/\/www.whatthefit.fr\/index.php\/2023\/05\/25\/la-news-de-la-joie\/#primaryimage"},"image":{"@id":"https:\/\/www.whatthefit.fr\/index.php\/2023\/05\/25\/la-news-de-la-joie\/#primaryimage"},"thumbnailUrl":"https:\/\/www.whatthefit.fr\/wp-content\/uploads\/2023\/05\/WTF.png","datePublished":"2023-05-25T13:12:27+00:00","dateModified":"2023-05-25T13:12:49+00:00","breadcrumb":{"@id":"https:\/\/www.whatthefit.fr\/index.php\/2023\/05\/25\/la-news-de-la-joie\/#breadcrumb"},"inLanguage":"fr-FR","potentialAction":[{"@type":"ReadAction","target":["https:\/\/www.whatthefit.fr\/index.php\/2023\/05\/25\/la-news-de-la-joie\/"]}]},{"@type":"ImageObject","inLanguage":"fr-FR","@id":"https:\/\/www.whatthefit.fr\/index.php\/2023\/05\/25\/la-news-de-la-joie\/#primaryimage","url":"https:\/\/www.whatthefit.fr\/wp-content\/uploads\/2023\/05\/WTF.png","contentUrl":"https:\/\/www.whatthefit.fr\/wp-content\/uploads\/2023\/05\/WTF.png","width":700,"height":400},{"@type":"BreadcrumbList","@id":"https:\/\/www.whatthefit.fr\/index.php\/2023\/05\/25\/la-news-de-la-joie\/#breadcrumb","itemListElement":[{"@type":"ListItem","position":1,"name":"Accueil","item":"https:\/\/www.whatthefit.fr\/"},{"@type":"ListItem","position":2,"name":"La News de la Joie !"}]},{"@type":"WebSite","@id":"https:\/\/www.whatthefit.fr\/#website","url":"https:\/\/www.whatthefit.fr\/","name":"What the Fit","description":"May the Fit be With You !","publisher":{"@id":"https:\/\/www.whatthefit.fr\/#organization"},"potentialAction":[{"@type":"SearchAction","target":{"@type":"EntryPoint","urlTemplate":"https:\/\/www.whatthefit.fr\/?s={search_term_string}"},"query-input":{"@type":"PropertyValueSpecification","valueRequired":true,"valueName":"search_term_string"}}],"inLanguage":"fr-FR"},{"@type":"Organization","@id":"https:\/\/www.whatthefit.fr\/#organization","name":"WTF - What the Fit","url":"https:\/\/www.whatthefit.fr\/","logo":{"@type":"ImageObject","inLanguage":"fr-FR","@id":"https:\/\/www.whatthefit.fr\/#\/schema\/logo\/image\/","url":"https:\/\/www.whatthefit.fr\/wp-content\/uploads\/2022\/09\/Copie-de-Logo-Flo-VF-Noir.png","contentUrl":"https:\/\/www.whatthefit.fr\/wp-content\/uploads\/2022\/09\/Copie-de-Logo-Flo-VF-Noir.png","width":1079,"height":1419,"caption":"WTF - What the Fit"},"image":{"@id":"https:\/\/www.whatthefit.fr\/#\/schema\/logo\/image\/"},"sameAs":["https:\/\/www.facebook.com\/AdminWTFit\/","https:\/\/www.instagram.com\/wtfwhatthefitaix\/"]},{"@type":"Person","@id":"https:\/\/www.whatthefit.fr\/#\/schema\/person\/44fbd68457bbed5c4d3aa0887f0f9c24","name":"Admin1944","sameAs":["https:\/\/www.whatthefit.fr"],"url":"https:\/\/www.whatthefit.fr\/index.php\/author\/admin1944\/"}]}},"uagb_featured_image_src":{"full":false,"thumbnail":false,"medium":false,"medium_large":false,"large":false,"1536x1536":false,"2048x2048":false,"ocean-thumb-m":false,"ocean-thumb-ml":false,"ocean-thumb-l":false,"mailpoet_newsletter_max":false,"woocommerce_thumbnail":false,"woocommerce_single":false,"woocommerce_gallery_thumbnail":false},"uagb_author_info":{"display_name":"Admin1944","author_link":"https:\/\/www.whatthefit.fr\/index.php\/author\/admin1944\/"},"uagb_comment_info":0,"uagb_excerpt":"Odeur de Banana Cake tout juste sorti du four, t\u00e9l\u00e9travail et musiques chouettes sur l&rsquo;enceinte = grande chaleur dans mon c\u0153ur. J&rsquo;ai plein de petites infos \u00e0 vous partager, en esp\u00e9rant qu&rsquo;elles vous donneront le smile \u2600\ufe0f. Alors, on danse ? Malheureusement, contrainte boulot pour mon ch\u00e9ri ce soir, je ne pourrai pas vous faire\u2026","_links":{"self":[{"href":"https:\/\/www.whatthefit.fr\/index.php\/wp-json\/wp\/v2\/posts\/1034","targetHints":{"allow":["GET"]}}],"collection":[{"href":"https:\/\/www.whatthefit.fr\/index.php\/wp-json\/wp\/v2\/posts"}],"about":[{"href":"https:\/\/www.whatthefit.fr\/index.php\/wp-json\/wp\/v2\/types\/post"}],"author":[{"embeddable":true,"href":"https:\/\/www.whatthefit.fr\/index.php\/wp-json\/wp\/v2\/users\/1"}],"replies":[{"embeddable":true,"href":"https:\/\/www.whatthefit.fr\/index.php\/wp-json\/wp\/v2\/comments?post=1034"}],"version-history":[{"count":1,"href":"https:\/\/www.whatthefit.fr\/index.php\/wp-json\/wp\/v2\/posts\/1034\/revisions"}],"predecessor-version":[{"id":1035,"href":"https:\/\/www.whatthefit.fr\/index.php\/wp-json\/wp\/v2\/posts\/1034\/revisions\/1035"}],"wp:attachment":[{"href":"https:\/\/www.whatthefit.fr\/index.php\/wp-json\/wp\/v2\/media?parent=1034"}],"wp:term":[{"taxonomy":"category","embeddable":true,"href":"https:\/\/www.whatthefit.fr\/index.php\/wp-json\/wp\/v2\/categories?post=1034"},{"taxonomy":"post_tag","embeddable":true,"href":"https:\/\/www.whatthefit.fr\/index.php\/wp-json\/wp\/v2\/tags?post=1034"}],"curies":[{"name":"wp","href":"https:\/\/api.w.org\/{rel}","templated":true}]}}