{"id":2019,"date":"2024-03-18T21:45:47","date_gmt":"2024-03-18T20:45:47","guid":{"rendered":"https:\/\/www.whatthefit.fr\/?p=2019"},"modified":"2024-03-18T21:45:49","modified_gmt":"2024-03-18T20:45:49","slug":"une-vague-de-douceur","status":"publish","type":"post","link":"https:\/\/www.whatthefit.fr\/index.php\/2024\/03\/18\/une-vague-de-douceur\/","title":{"rendered":"Une vague de douceur"},"content":{"rendered":"\n<p>Hello les ami.e.s.<\/p>\n\n\n\n<p>Comment ca va en ce moment ? (PS : ca fait une semaine que cette news est en brouillon)<\/p>\n\n\n\n<p>Les jours rallongent, les temp\u00e9ratures sont plus que cl\u00e9mentes et \u00e0 l&rsquo;heure de la pause d\u00e9j, on enl\u00e8ve les pulls, bref on se dirige doucement vers le printemps.\u00a0<\/p>\n\n\n\n<p>Non pas que l&rsquo;hiver ait \u00e9t\u00e9 rude, mais c&rsquo;est toujours agr\u00e9able de voir les bourgeons ou les premi\u00e8res fleurs blanches sur les arbres fruitiers, et de constater que le soir, on est moins press\u00e9s de rentrer au chaud.\u00a0<\/p>\n\n\n\n<p>Avec Th\u00e9odora, mercredi soir, on a mis une heure et quart, pour rentrer de la cr\u00e8che. Une heure et quart pour faire un trajet de 15 minutes en marche \u00ab\u00a0normale\u00a0\u00bb. Mais, vous comprenez, on adore toucher les rideaux de fer sales, regarder les tomates qui sont tomb\u00e9es sous l&rsquo;\u00e9tal du primeur, courir apr\u00e8s un pigeon, ou vouloir rebrousser chemin \u00e0 chaque coin de rues. <\/p>\n\n\n\n<p>J&rsquo;esp\u00e8re que vous aussi, vous allez bien, et que vous savourez, comme mon T-Rex, la douceur qui s&rsquo;installe dans le c\u0153ur avec l&rsquo;arriv\u00e9e du printemps. <\/p>\n\n\n\n<p>Du c\u00f4t\u00e9 de What the Fit aussi, avec le c\u0153ur en fil conducteur : <\/p>\n\n\n\n<ul class=\"wp-block-list\">\n<li>Prochain Family Fit<\/li>\n\n\n\n<li>Focus sur ton ballon paille<\/li>\n\n\n\n<li>Sondage WTF 2024<\/li>\n\n\n\n<li>Changements au planning<\/li>\n\n\n\n<li>Arriv\u00e9e imminente des d\u00e9bardeurs<\/li>\n\n\n\n<li>Une recette surprenante d\u00e9nich\u00e9e par Mimi<\/li>\n<\/ul>\n\n\n\n<hr class=\"wp-block-separator has-alpha-channel-opacity is-style-wide\"\/>\n\n\n\n<h2 class=\"wp-block-heading\">Prochain Family Fit<\/h2>\n\n\n\n<figure class=\"wp-block-image size-large\"><img loading=\"lazy\" decoding=\"async\" width=\"1024\" height=\"682\" src=\"https:\/\/www.whatthefit.fr\/wp-content\/uploads\/2024\/03\/australian-shepherd-2208371_1280-1024x682.jpg\" alt=\"\" class=\"wp-image-2020\" srcset=\"https:\/\/www.whatthefit.fr\/wp-content\/uploads\/2024\/03\/australian-shepherd-2208371_1280-1024x682.jpg 1024w, https:\/\/www.whatthefit.fr\/wp-content\/uploads\/2024\/03\/australian-shepherd-2208371_1280-300x200.jpg 300w, https:\/\/www.whatthefit.fr\/wp-content\/uploads\/2024\/03\/australian-shepherd-2208371_1280-768x512.jpg 768w, https:\/\/www.whatthefit.fr\/wp-content\/uploads\/2024\/03\/australian-shepherd-2208371_1280-600x400.jpg 600w, https:\/\/www.whatthefit.fr\/wp-content\/uploads\/2024\/03\/australian-shepherd-2208371_1280.jpg 1280w\" sizes=\"auto, (max-width: 1024px) 100vw, 1024px\" \/><\/figure>\n\n\n\n<p>Le prochain Family Fit aura lieu <strong>Samedi 30 mars, \u00e0 10h dans le Gymnase Daudet<\/strong>. <\/p>\n\n\n\n<p>Il sera rythm\u00e9 par les \u00e9nergies folles <strong>d&rsquo;Emeline<\/strong>, <strong>Emilie, Manu et Mimi<\/strong> qui ont eu l&rsquo;excellente id\u00e9e de vous proposer, apr\u00e8s la s\u00e9ance, <strong>une chasse aux \u0153ufs de P\u00e2ques<\/strong>, dans la cour d&rsquo;\u00e9cole \ud83e\udd38.<\/p>\n\n\n\n<p>Alors venez nombreux pour partager avec nous 35 minutes de Fit ludique et d\u00e9complex\u00e9. <\/p>\n\n\n\n<p>Sauf impr\u00e9vu, on y sera avec Th\u00e9odorette&#8230; Ca sera son premier cours de Gym !!! \ud83e\udd73\ud83e\udd29\ud83e\udd29\ud83e\udd29<\/p>\n\n\n\n<hr class=\"wp-block-separator has-alpha-channel-opacity is-style-wide\"\/>\n\n\n\n<h2 class=\"wp-block-heading\">Focus sur ton ballon paille<\/h2>\n\n\n\n<div class=\"wp-block-media-text is-stacked-on-mobile\"><figure class=\"wp-block-media-text__media\"><img loading=\"lazy\" decoding=\"async\" width=\"1024\" height=\"768\" src=\"https:\/\/www.whatthefit.fr\/wp-content\/uploads\/2024\/03\/manu-paille.jpg\" alt=\"\" class=\"wp-image-2023 size-full\" srcset=\"https:\/\/www.whatthefit.fr\/wp-content\/uploads\/2024\/03\/manu-paille.jpg 1024w, https:\/\/www.whatthefit.fr\/wp-content\/uploads\/2024\/03\/manu-paille-300x225.jpg 300w, https:\/\/www.whatthefit.fr\/wp-content\/uploads\/2024\/03\/manu-paille-768x576.jpg 768w, https:\/\/www.whatthefit.fr\/wp-content\/uploads\/2024\/03\/manu-paille-600x450.jpg 600w\" sizes=\"auto, (max-width: 1024px) 100vw, 1024px\" \/><\/figure><div class=\"wp-block-media-text__content\">\n<p>Depuis le mois de janvier, Manu propose de corser les exercices de <strong>Focus<\/strong>, pour celles qui le souhaitent, gr\u00e2ce \u00e0 du <strong>petit mat\u00e9riel. <\/strong><\/p>\n\n\n\n<p>Elle s&rsquo;occupe de tout, vous n&rsquo;avez qu&rsquo;\u00e0 venir, avec tous vos muscles, votre engagement, et la laisser vous guider \u00e0 travers les <strong>diff\u00e9rentes postures<\/strong>.<\/p>\n\n\n\n<p>Si vous nous rejoignez en cours de route : aucune inqui\u00e9tude, Manu saura vous proposer des variantes plus soft si vous le souhaitez.<\/p>\n<\/div><\/div>\n\n\n\n<hr class=\"wp-block-separator has-alpha-channel-opacity is-style-wide\"\/>\n\n\n\n<h2 class=\"wp-block-heading\">Sondage WTF 2024 <\/h2>\n\n\n\n<p>Derni\u00e8re couche avant vernis.. Vous \u00eates environ 50 \u00e0 avoir r\u00e9pondu.. C&rsquo;est trop chouette.  <\/p>\n\n\n\n<p>La nouveaut\u00e9 cette ann\u00e9e : on vous partagera les r\u00e9sultats de notre analyse. <\/p>\n\n\n\n<p>Si vous ne nous avez pas encore tout dit, c&rsquo;est par ici : <a href=\"https:\/\/forms.gle\/oXcZtwe6NTLqRJrQ6\" target=\"_blank\" rel=\"noreferrer noopener\">https:\/\/forms.gle\/oXcZtwe6NTLqRJrQ6<\/a><\/p>\n\n\n\n<hr class=\"wp-block-separator has-alpha-channel-opacity is-style-wide\"\/>\n\n\n\n<h2 class=\"wp-block-heading\">Les nouveaut\u00e9s au planning<\/h2>\n\n\n\n<p>C&rsquo;est notamment gr\u00e2ce \u00e0 vos retours au sondage WTF 2024 qu&rsquo;on a compris comment repeupler Roumanille le mercredi soir \u00e0 19h30.\u00a0<\/p>\n\n\n\n<p>En effet, vous avez \u00e9t\u00e9 nombreux \u00e0 nous faire savoir que le IT, le soir, c&rsquo;est vraiment trop demander \u00e0 votre motivation. Vous avez envie de vous d\u00e9fouler, oui, mais pas de ressortir compl\u00e8tement lessiv\u00e9e.\u00a0<\/p>\n\n\n\n<ul class=\"wp-block-list\">\n<li>Alors, tr\u00e8s prochainement, <strong>Emilie vous proposera un Intens&rsquo;Fit<\/strong>. Elle est en train d&rsquo;y travailler \ud83d\ude09. Avec des musiques s\u00e9lectionn\u00e9es par ses soins, ambiance et bonne humeur garanties !\u00a0<\/li>\n\n\n\n<li>De son c\u00f4t\u00e9, <strong>Flo a, <\/strong>depuis ce mercredi <strong>renouvel\u00e9 ses ateliers, au Work<\/strong>. L&rsquo;occasion de se challenger, soi ou en groupe, de mani\u00e8re ludique, dans la bienveillance et l&rsquo;entraide (repeuplons Roumanille, repeuplons Roumanille !).<\/li>\n\n\n\n<li><strong>Elsa <\/strong>vous propose depuis janvier <strong>un nouveau Flex<\/strong> qui est g\u00e9nial, et qui m\u00eale \u00e0 la perfection mobilit\u00e9, \u00e9quilibre, cardio, renfo et souplesse.<\/li>\n\n\n\n<li><strong>Mimi la fus\u00e9e<\/strong> a derni\u00e8rement<strong> chang\u00e9 de programme <\/strong>et Audrey m&rsquo;a dit qu&rsquo;il \u00e9tait encore mieux que les pr\u00e9c\u00e9dents.. Vous imaginez ?  <\/li>\n\n\n\n<li><strong>Audrey <\/strong>nous a confi\u00e9 r\u00e9fl\u00e9chir \u00e0 son <strong>prochain Power<\/strong>, et a priori, il y aura plus d&rsquo;abdos \ud83d\ude09<\/li>\n\n\n\n<li>Quant \u00e0 moi, <strong>nouveau Balance<\/strong> depuis janvier (que l&rsquo;on intensifiera bient\u00f4t) et je vais <strong>peaufiner mon Regular<\/strong>, pour le mettre au planning les semaines o\u00f9 le jaune manque un peu.<\/li>\n<\/ul>\n\n\n\n<p>Pas de quoi s&rsquo;ennuyer \ud83e\udd29 !<\/p>\n\n\n\n<hr class=\"wp-block-separator has-alpha-channel-opacity is-style-wide\"\/>\n\n\n\n<h2 class=\"wp-block-heading\">Arriv\u00e9e imminente des d\u00e9bardeurs<\/h2>\n\n\n\n<div class=\"wp-block-media-text has-media-on-the-right is-stacked-on-mobile\" style=\"grid-template-columns:auto 31%\"><div class=\"wp-block-media-text__content\">\n<p>Suite \u00e0 un petit souci sur les tee-shirts (logo fabricant g\u00eanant le flocage), Aur\u00e9lie a d\u00fb se charger de renvoyer les articles et demander le changement.<\/p>\n\n\n\n<p>On a pris un peu de retard mais les d\u00e9bardeurs et tee-shirts devraient \u00eatre pr\u00eats la semaine prochaine.<\/p>\n\n\n\n<p>Merci \u00e0 elle de s&rsquo;occuper de tout ca sur son temps libre !&nbsp;<\/p>\n<\/div><figure class=\"wp-block-media-text__media\"><img loading=\"lazy\" decoding=\"async\" width=\"1024\" height=\"1024\" src=\"https:\/\/www.whatthefit.fr\/wp-content\/uploads\/2022\/10\/OK-debardeur-violet-1024x1024.jpg\" alt=\"\" class=\"wp-image-1891 size-full\" srcset=\"https:\/\/www.whatthefit.fr\/wp-content\/uploads\/2022\/10\/OK-debardeur-violet-1024x1024.jpg 1024w, https:\/\/www.whatthefit.fr\/wp-content\/uploads\/2022\/10\/OK-debardeur-violet-300x300.jpg 300w, https:\/\/www.whatthefit.fr\/wp-content\/uploads\/2022\/10\/OK-debardeur-violet-150x150.jpg 150w, https:\/\/www.whatthefit.fr\/wp-content\/uploads\/2022\/10\/OK-debardeur-violet-768x769.jpg 768w, https:\/\/www.whatthefit.fr\/wp-content\/uploads\/2022\/10\/OK-debardeur-violet-600x600.jpg 600w, https:\/\/www.whatthefit.fr\/wp-content\/uploads\/2022\/10\/OK-debardeur-violet-1320x1321.jpg 1320w, https:\/\/www.whatthefit.fr\/wp-content\/uploads\/2022\/10\/OK-debardeur-violet-100x100.jpg 100w, https:\/\/www.whatthefit.fr\/wp-content\/uploads\/2022\/10\/OK-debardeur-violet.jpg 1408w\" sizes=\"auto, (max-width: 1024px) 100vw, 1024px\" \/><\/figure><\/div>\n\n\n\n<hr class=\"wp-block-separator has-alpha-channel-opacity is-style-wide\"\/>\n\n\n\n<h2 class=\"wp-block-heading\">La recette surprenante de Mimi<\/h2>\n\n\n\n<p>Mimi nous a partag\u00e9 une recette il y a peu tellement surprenante qu&rsquo;elle donne envie de l&rsquo;essayer tout de suite en piquant les fleurs du voisin : Le P\u00e9tillant de Mimosa ! \ud83e\udd29\u00a0<\/p>\n\n\n\n<div class=\"wp-block-columns is-layout-flex wp-container-core-columns-is-layout-9d6595d7 wp-block-columns-is-layout-flex\">\n<div class=\"wp-block-column is-layout-flow wp-block-column-is-layout-flow\">\n<p><strong>Ingr\u00e9dients <\/strong>:<\/p>\n\n\n\n<p>1\/3 de fleurs<\/p>\n\n\n\n<p>2 tranches de citron<\/p>\n\n\n\n<p>3\/4 cuill\u00e8res \u00e0 soupe de sucre&nbsp;<\/p>\n\n\n\n<p>de l&rsquo;eau filtr\u00e9e<\/p>\n<\/div>\n\n\n\n<div class=\"wp-block-column is-layout-flow wp-block-column-is-layout-flow\">\n<p><strong>La recette <\/strong>:<\/p>\n\n\n\n<p>Dans un bocal type Le Parfait d&rsquo;1 L, m\u00e9langez le tout et fermez le bocal quelques jours.&nbsp;<\/p>\n\n\n\n<p>Remuez tous les jours. Au bout de quelques jours, les premi\u00e8res bulles de fermentation apparaissent, c&rsquo;est bon signe !<\/p>\n\n\n\n<p>Filtrez et transvasez le p\u00e9tillant dans une bouteille \u00e0 fermeture m\u00e9canique deux \u00e0 trois jours de plus.<br>Pensez \u00e0 d\u00e9gazer de temps en temps (tr\u00e8s important).&nbsp;<\/p>\n<\/div>\n<\/div>\n\n\n\n<p>\ud83d\udc90 Recette trouv\u00e9e sur l&rsquo;incroyable Instagram de Manjar_viu !<\/p>\n\n\n\n<hr class=\"wp-block-separator has-alpha-channel-opacity is-style-wide\"\/>\n\n\n\n<p>Quelques chaises musicales cette semaine, n&rsquo;h\u00e9sitez pas \u00e0 consulter le planning.\u00a0<\/p>\n\n\n\n<p>A tr\u00e8s bient\u00f4t sur le Fit Floor !<\/p>\n\n\n\n<div class=\"wp-block-buttons is-content-justification-center is-layout-flex wp-container-core-buttons-is-layout-16018d1d wp-block-buttons-is-layout-flex\">\n<div class=\"wp-block-button is-style-fill\"><a class=\"wp-block-button__link wp-element-button\" href=\"https:\/\/www.whatthefit.fr\/index.php\/planning\/\">Un check au planning<\/a><\/div>\n<\/div>\n\n\n\n<p>Bonne semaine,<\/p>\n\n\n\n<p>Pau pour What the Fit ! \ud83d\udc9a<\/p>\n","protected":false},"excerpt":{"rendered":"<p>Hello les ami.e.s. Comment ca va en ce moment ? (PS : ca fait une semaine que cette news est en brouillon) Les jours rallongent, les temp\u00e9ratures sont plus que cl\u00e9mentes et \u00e0 l&rsquo;heure de la pause d\u00e9j, on enl\u00e8ve les pulls, bref on se dirige doucement vers le printemps.\u00a0 Non pas que l&rsquo;hiver ait [&hellip;]<\/p>\n","protected":false},"author":1,"featured_media":0,"comment_status":"closed","ping_status":"open","sticky":false,"template":"","format":"standard","meta":{"_uag_custom_page_level_css":"","footnotes":""},"categories":[46],"tags":[],"class_list":["post-2019","post","type-post","status-publish","format-standard","hentry","category-newsletter","entry"],"yoast_head":"<!-- This site is optimized with the Yoast SEO plugin v27.5 - https:\/\/yoast.com\/product\/yoast-seo-wordpress\/ -->\n<title>Une vague de douceur - What the Fit<\/title>\n<meta name=\"robots\" content=\"index, follow, max-snippet:-1, max-image-preview:large, max-video-preview:-1\" \/>\n<link rel=\"canonical\" href=\"https:\/\/www.whatthefit.fr\/index.php\/2024\/03\/18\/une-vague-de-douceur\/\" \/>\n<meta property=\"og:locale\" content=\"fr_FR\" \/>\n<meta property=\"og:type\" content=\"article\" \/>\n<meta property=\"og:title\" content=\"Une vague de douceur - What the Fit\" \/>\n<meta property=\"og:description\" content=\"Hello les ami.e.s. Comment ca va en ce moment ? (PS : ca fait une semaine que cette news est en brouillon) Les jours rallongent, les temp\u00e9ratures sont plus que cl\u00e9mentes et \u00e0 l&rsquo;heure de la pause d\u00e9j, on enl\u00e8ve les pulls, bref on se dirige doucement vers le printemps.\u00a0 Non pas que l&rsquo;hiver ait [&hellip;]\" \/>\n<meta property=\"og:url\" content=\"https:\/\/www.whatthefit.fr\/index.php\/2024\/03\/18\/une-vague-de-douceur\/\" \/>\n<meta property=\"og:site_name\" content=\"What the Fit\" \/>\n<meta property=\"article:publisher\" content=\"https:\/\/www.facebook.com\/AdminWTFit\/\" \/>\n<meta property=\"article:published_time\" content=\"2024-03-18T20:45:47+00:00\" \/>\n<meta property=\"article:modified_time\" content=\"2024-03-18T20:45:49+00:00\" \/>\n<meta property=\"og:image\" content=\"https:\/\/www.whatthefit.fr\/wp-content\/uploads\/2024\/03\/australian-shepherd-2208371_1280-1024x682.jpg\" \/>\n<meta name=\"author\" content=\"Admin1944\" \/>\n<meta name=\"twitter:card\" content=\"summary_large_image\" \/>\n<meta name=\"twitter:label1\" content=\"\u00c9crit par\" \/>\n\t<meta name=\"twitter:data1\" content=\"Admin1944\" \/>\n\t<meta name=\"twitter:label2\" content=\"Dur\u00e9e de lecture estim\u00e9e\" \/>\n\t<meta name=\"twitter:data2\" content=\"3 minutes\" \/>\n<script type=\"application\/ld+json\" class=\"yoast-schema-graph\">{\"@context\":\"https:\\\/\\\/schema.org\",\"@graph\":[{\"@type\":\"Article\",\"@id\":\"https:\\\/\\\/www.whatthefit.fr\\\/index.php\\\/2024\\\/03\\\/18\\\/une-vague-de-douceur\\\/#article\",\"isPartOf\":{\"@id\":\"https:\\\/\\\/www.whatthefit.fr\\\/index.php\\\/2024\\\/03\\\/18\\\/une-vague-de-douceur\\\/\"},\"author\":{\"name\":\"Admin1944\",\"@id\":\"https:\\\/\\\/www.whatthefit.fr\\\/#\\\/schema\\\/person\\\/44fbd68457bbed5c4d3aa0887f0f9c24\"},\"headline\":\"Une vague de douceur\",\"datePublished\":\"2024-03-18T20:45:47+00:00\",\"dateModified\":\"2024-03-18T20:45:49+00:00\",\"mainEntityOfPage\":{\"@id\":\"https:\\\/\\\/www.whatthefit.fr\\\/index.php\\\/2024\\\/03\\\/18\\\/une-vague-de-douceur\\\/\"},\"wordCount\":924,\"publisher\":{\"@id\":\"https:\\\/\\\/www.whatthefit.fr\\\/#organization\"},\"image\":{\"@id\":\"https:\\\/\\\/www.whatthefit.fr\\\/index.php\\\/2024\\\/03\\\/18\\\/une-vague-de-douceur\\\/#primaryimage\"},\"thumbnailUrl\":\"https:\\\/\\\/www.whatthefit.fr\\\/wp-content\\\/uploads\\\/2024\\\/03\\\/australian-shepherd-2208371_1280-1024x682.jpg\",\"articleSection\":[\"Newsletter\"],\"inLanguage\":\"fr-FR\"},{\"@type\":\"WebPage\",\"@id\":\"https:\\\/\\\/www.whatthefit.fr\\\/index.php\\\/2024\\\/03\\\/18\\\/une-vague-de-douceur\\\/\",\"url\":\"https:\\\/\\\/www.whatthefit.fr\\\/index.php\\\/2024\\\/03\\\/18\\\/une-vague-de-douceur\\\/\",\"name\":\"Une vague de douceur - What the Fit\",\"isPartOf\":{\"@id\":\"https:\\\/\\\/www.whatthefit.fr\\\/#website\"},\"primaryImageOfPage\":{\"@id\":\"https:\\\/\\\/www.whatthefit.fr\\\/index.php\\\/2024\\\/03\\\/18\\\/une-vague-de-douceur\\\/#primaryimage\"},\"image\":{\"@id\":\"https:\\\/\\\/www.whatthefit.fr\\\/index.php\\\/2024\\\/03\\\/18\\\/une-vague-de-douceur\\\/#primaryimage\"},\"thumbnailUrl\":\"https:\\\/\\\/www.whatthefit.fr\\\/wp-content\\\/uploads\\\/2024\\\/03\\\/australian-shepherd-2208371_1280-1024x682.jpg\",\"datePublished\":\"2024-03-18T20:45:47+00:00\",\"dateModified\":\"2024-03-18T20:45:49+00:00\",\"breadcrumb\":{\"@id\":\"https:\\\/\\\/www.whatthefit.fr\\\/index.php\\\/2024\\\/03\\\/18\\\/une-vague-de-douceur\\\/#breadcrumb\"},\"inLanguage\":\"fr-FR\",\"potentialAction\":[{\"@type\":\"ReadAction\",\"target\":[\"https:\\\/\\\/www.whatthefit.fr\\\/index.php\\\/2024\\\/03\\\/18\\\/une-vague-de-douceur\\\/\"]}]},{\"@type\":\"ImageObject\",\"inLanguage\":\"fr-FR\",\"@id\":\"https:\\\/\\\/www.whatthefit.fr\\\/index.php\\\/2024\\\/03\\\/18\\\/une-vague-de-douceur\\\/#primaryimage\",\"url\":\"https:\\\/\\\/www.whatthefit.fr\\\/wp-content\\\/uploads\\\/2024\\\/03\\\/australian-shepherd-2208371_1280.jpg\",\"contentUrl\":\"https:\\\/\\\/www.whatthefit.fr\\\/wp-content\\\/uploads\\\/2024\\\/03\\\/australian-shepherd-2208371_1280.jpg\",\"width\":1280,\"height\":853},{\"@type\":\"BreadcrumbList\",\"@id\":\"https:\\\/\\\/www.whatthefit.fr\\\/index.php\\\/2024\\\/03\\\/18\\\/une-vague-de-douceur\\\/#breadcrumb\",\"itemListElement\":[{\"@type\":\"ListItem\",\"position\":1,\"name\":\"Accueil\",\"item\":\"https:\\\/\\\/www.whatthefit.fr\\\/\"},{\"@type\":\"ListItem\",\"position\":2,\"name\":\"Une vague de douceur\"}]},{\"@type\":\"WebSite\",\"@id\":\"https:\\\/\\\/www.whatthefit.fr\\\/#website\",\"url\":\"https:\\\/\\\/www.whatthefit.fr\\\/\",\"name\":\"What the Fit\",\"description\":\"May the Fit be With You !\",\"publisher\":{\"@id\":\"https:\\\/\\\/www.whatthefit.fr\\\/#organization\"},\"potentialAction\":[{\"@type\":\"SearchAction\",\"target\":{\"@type\":\"EntryPoint\",\"urlTemplate\":\"https:\\\/\\\/www.whatthefit.fr\\\/?s={search_term_string}\"},\"query-input\":{\"@type\":\"PropertyValueSpecification\",\"valueRequired\":true,\"valueName\":\"search_term_string\"}}],\"inLanguage\":\"fr-FR\"},{\"@type\":\"Organization\",\"@id\":\"https:\\\/\\\/www.whatthefit.fr\\\/#organization\",\"name\":\"WTF - What the Fit\",\"url\":\"https:\\\/\\\/www.whatthefit.fr\\\/\",\"logo\":{\"@type\":\"ImageObject\",\"inLanguage\":\"fr-FR\",\"@id\":\"https:\\\/\\\/www.whatthefit.fr\\\/#\\\/schema\\\/logo\\\/image\\\/\",\"url\":\"https:\\\/\\\/www.whatthefit.fr\\\/wp-content\\\/uploads\\\/2022\\\/09\\\/Copie-de-Logo-Flo-VF-Noir.png\",\"contentUrl\":\"https:\\\/\\\/www.whatthefit.fr\\\/wp-content\\\/uploads\\\/2022\\\/09\\\/Copie-de-Logo-Flo-VF-Noir.png\",\"width\":1079,\"height\":1419,\"caption\":\"WTF - What the Fit\"},\"image\":{\"@id\":\"https:\\\/\\\/www.whatthefit.fr\\\/#\\\/schema\\\/logo\\\/image\\\/\"},\"sameAs\":[\"https:\\\/\\\/www.facebook.com\\\/AdminWTFit\\\/\",\"https:\\\/\\\/www.instagram.com\\\/wtfwhatthefitaix\\\/\"]},{\"@type\":\"Person\",\"@id\":\"https:\\\/\\\/www.whatthefit.fr\\\/#\\\/schema\\\/person\\\/44fbd68457bbed5c4d3aa0887f0f9c24\",\"name\":\"Admin1944\",\"sameAs\":[\"https:\\\/\\\/www.whatthefit.fr\"],\"url\":\"https:\\\/\\\/www.whatthefit.fr\\\/index.php\\\/author\\\/admin1944\\\/\"}]}<\/script>\n<!-- \/ Yoast SEO plugin. -->","yoast_head_json":{"title":"Une vague de douceur - What the Fit","robots":{"index":"index","follow":"follow","max-snippet":"max-snippet:-1","max-image-preview":"max-image-preview:large","max-video-preview":"max-video-preview:-1"},"canonical":"https:\/\/www.whatthefit.fr\/index.php\/2024\/03\/18\/une-vague-de-douceur\/","og_locale":"fr_FR","og_type":"article","og_title":"Une vague de douceur - What the Fit","og_description":"Hello les ami.e.s. Comment ca va en ce moment ? (PS : ca fait une semaine que cette news est en brouillon) Les jours rallongent, les temp\u00e9ratures sont plus que cl\u00e9mentes et \u00e0 l&rsquo;heure de la pause d\u00e9j, on enl\u00e8ve les pulls, bref on se dirige doucement vers le printemps.\u00a0 Non pas que l&rsquo;hiver ait [&hellip;]","og_url":"https:\/\/www.whatthefit.fr\/index.php\/2024\/03\/18\/une-vague-de-douceur\/","og_site_name":"What the Fit","article_publisher":"https:\/\/www.facebook.com\/AdminWTFit\/","article_published_time":"2024-03-18T20:45:47+00:00","article_modified_time":"2024-03-18T20:45:49+00:00","og_image":[{"url":"https:\/\/www.whatthefit.fr\/wp-content\/uploads\/2024\/03\/australian-shepherd-2208371_1280-1024x682.jpg","type":"","width":"","height":""}],"author":"Admin1944","twitter_card":"summary_large_image","twitter_misc":{"\u00c9crit par":"Admin1944","Dur\u00e9e de lecture estim\u00e9e":"3 minutes"},"schema":{"@context":"https:\/\/schema.org","@graph":[{"@type":"Article","@id":"https:\/\/www.whatthefit.fr\/index.php\/2024\/03\/18\/une-vague-de-douceur\/#article","isPartOf":{"@id":"https:\/\/www.whatthefit.fr\/index.php\/2024\/03\/18\/une-vague-de-douceur\/"},"author":{"name":"Admin1944","@id":"https:\/\/www.whatthefit.fr\/#\/schema\/person\/44fbd68457bbed5c4d3aa0887f0f9c24"},"headline":"Une vague de douceur","datePublished":"2024-03-18T20:45:47+00:00","dateModified":"2024-03-18T20:45:49+00:00","mainEntityOfPage":{"@id":"https:\/\/www.whatthefit.fr\/index.php\/2024\/03\/18\/une-vague-de-douceur\/"},"wordCount":924,"publisher":{"@id":"https:\/\/www.whatthefit.fr\/#organization"},"image":{"@id":"https:\/\/www.whatthefit.fr\/index.php\/2024\/03\/18\/une-vague-de-douceur\/#primaryimage"},"thumbnailUrl":"https:\/\/www.whatthefit.fr\/wp-content\/uploads\/2024\/03\/australian-shepherd-2208371_1280-1024x682.jpg","articleSection":["Newsletter"],"inLanguage":"fr-FR"},{"@type":"WebPage","@id":"https:\/\/www.whatthefit.fr\/index.php\/2024\/03\/18\/une-vague-de-douceur\/","url":"https:\/\/www.whatthefit.fr\/index.php\/2024\/03\/18\/une-vague-de-douceur\/","name":"Une vague de douceur - What the Fit","isPartOf":{"@id":"https:\/\/www.whatthefit.fr\/#website"},"primaryImageOfPage":{"@id":"https:\/\/www.whatthefit.fr\/index.php\/2024\/03\/18\/une-vague-de-douceur\/#primaryimage"},"image":{"@id":"https:\/\/www.whatthefit.fr\/index.php\/2024\/03\/18\/une-vague-de-douceur\/#primaryimage"},"thumbnailUrl":"https:\/\/www.whatthefit.fr\/wp-content\/uploads\/2024\/03\/australian-shepherd-2208371_1280-1024x682.jpg","datePublished":"2024-03-18T20:45:47+00:00","dateModified":"2024-03-18T20:45:49+00:00","breadcrumb":{"@id":"https:\/\/www.whatthefit.fr\/index.php\/2024\/03\/18\/une-vague-de-douceur\/#breadcrumb"},"inLanguage":"fr-FR","potentialAction":[{"@type":"ReadAction","target":["https:\/\/www.whatthefit.fr\/index.php\/2024\/03\/18\/une-vague-de-douceur\/"]}]},{"@type":"ImageObject","inLanguage":"fr-FR","@id":"https:\/\/www.whatthefit.fr\/index.php\/2024\/03\/18\/une-vague-de-douceur\/#primaryimage","url":"https:\/\/www.whatthefit.fr\/wp-content\/uploads\/2024\/03\/australian-shepherd-2208371_1280.jpg","contentUrl":"https:\/\/www.whatthefit.fr\/wp-content\/uploads\/2024\/03\/australian-shepherd-2208371_1280.jpg","width":1280,"height":853},{"@type":"BreadcrumbList","@id":"https:\/\/www.whatthefit.fr\/index.php\/2024\/03\/18\/une-vague-de-douceur\/#breadcrumb","itemListElement":[{"@type":"ListItem","position":1,"name":"Accueil","item":"https:\/\/www.whatthefit.fr\/"},{"@type":"ListItem","position":2,"name":"Une vague de douceur"}]},{"@type":"WebSite","@id":"https:\/\/www.whatthefit.fr\/#website","url":"https:\/\/www.whatthefit.fr\/","name":"What the Fit","description":"May the Fit be With You !","publisher":{"@id":"https:\/\/www.whatthefit.fr\/#organization"},"potentialAction":[{"@type":"SearchAction","target":{"@type":"EntryPoint","urlTemplate":"https:\/\/www.whatthefit.fr\/?s={search_term_string}"},"query-input":{"@type":"PropertyValueSpecification","valueRequired":true,"valueName":"search_term_string"}}],"inLanguage":"fr-FR"},{"@type":"Organization","@id":"https:\/\/www.whatthefit.fr\/#organization","name":"WTF - What the Fit","url":"https:\/\/www.whatthefit.fr\/","logo":{"@type":"ImageObject","inLanguage":"fr-FR","@id":"https:\/\/www.whatthefit.fr\/#\/schema\/logo\/image\/","url":"https:\/\/www.whatthefit.fr\/wp-content\/uploads\/2022\/09\/Copie-de-Logo-Flo-VF-Noir.png","contentUrl":"https:\/\/www.whatthefit.fr\/wp-content\/uploads\/2022\/09\/Copie-de-Logo-Flo-VF-Noir.png","width":1079,"height":1419,"caption":"WTF - What the Fit"},"image":{"@id":"https:\/\/www.whatthefit.fr\/#\/schema\/logo\/image\/"},"sameAs":["https:\/\/www.facebook.com\/AdminWTFit\/","https:\/\/www.instagram.com\/wtfwhatthefitaix\/"]},{"@type":"Person","@id":"https:\/\/www.whatthefit.fr\/#\/schema\/person\/44fbd68457bbed5c4d3aa0887f0f9c24","name":"Admin1944","sameAs":["https:\/\/www.whatthefit.fr"],"url":"https:\/\/www.whatthefit.fr\/index.php\/author\/admin1944\/"}]}},"uagb_featured_image_src":{"full":false,"thumbnail":false,"medium":false,"medium_large":false,"large":false,"1536x1536":false,"2048x2048":false,"ocean-thumb-m":false,"ocean-thumb-ml":false,"ocean-thumb-l":false,"mailpoet_newsletter_max":false,"woocommerce_thumbnail":false,"woocommerce_single":false,"woocommerce_gallery_thumbnail":false},"uagb_author_info":{"display_name":"Admin1944","author_link":"https:\/\/www.whatthefit.fr\/index.php\/author\/admin1944\/"},"uagb_comment_info":0,"uagb_excerpt":"Hello les ami.e.s. Comment ca va en ce moment ? (PS : ca fait une semaine que cette news est en brouillon) Les jours rallongent, les temp\u00e9ratures sont plus que cl\u00e9mentes et \u00e0 l&rsquo;heure de la pause d\u00e9j, on enl\u00e8ve les pulls, bref on se dirige doucement vers le printemps.\u00a0 Non pas que l&rsquo;hiver ait\u2026","_links":{"self":[{"href":"https:\/\/www.whatthefit.fr\/index.php\/wp-json\/wp\/v2\/posts\/2019","targetHints":{"allow":["GET"]}}],"collection":[{"href":"https:\/\/www.whatthefit.fr\/index.php\/wp-json\/wp\/v2\/posts"}],"about":[{"href":"https:\/\/www.whatthefit.fr\/index.php\/wp-json\/wp\/v2\/types\/post"}],"author":[{"embeddable":true,"href":"https:\/\/www.whatthefit.fr\/index.php\/wp-json\/wp\/v2\/users\/1"}],"replies":[{"embeddable":true,"href":"https:\/\/www.whatthefit.fr\/index.php\/wp-json\/wp\/v2\/comments?post=2019"}],"version-history":[{"count":2,"href":"https:\/\/www.whatthefit.fr\/index.php\/wp-json\/wp\/v2\/posts\/2019\/revisions"}],"predecessor-version":[{"id":2025,"href":"https:\/\/www.whatthefit.fr\/index.php\/wp-json\/wp\/v2\/posts\/2019\/revisions\/2025"}],"wp:attachment":[{"href":"https:\/\/www.whatthefit.fr\/index.php\/wp-json\/wp\/v2\/media?parent=2019"}],"wp:term":[{"taxonomy":"category","embeddable":true,"href":"https:\/\/www.whatthefit.fr\/index.php\/wp-json\/wp\/v2\/categories?post=2019"},{"taxonomy":"post_tag","embeddable":true,"href":"https:\/\/www.whatthefit.fr\/index.php\/wp-json\/wp\/v2\/tags?post=2019"}],"curies":[{"name":"wp","href":"https:\/\/api.w.org\/{rel}","templated":true}]}}