{"id":3840,"date":"2025-06-25T16:43:43","date_gmt":"2025-06-25T14:43:43","guid":{"rendered":"https:\/\/www.whatthefit.fr\/?p=3840"},"modified":"2025-06-28T08:19:43","modified_gmt":"2025-06-28T06:19:43","slug":"vive-lete-avec-what-the-fit","status":"publish","type":"post","link":"https:\/\/www.whatthefit.fr\/index.php\/2025\/06\/25\/vive-lete-avec-what-the-fit\/","title":{"rendered":"Vive l&rsquo;\u00e9t\u00e9 avec What the Fit !"},"content":{"rendered":"\n<div style=\"max-width: 700px; margin: auto; font-family: Arial, sans-serif; font-size: 16px; line-height: 1.6; color: #333;\">\n\n  <h2 style=\"color: #2e7d32;\">Hello \u00e0 tous !<\/h2>\n\n  <p>Le soleil tape un peu plus (trop) fort, les oiseaux chantent \u00e0 l\u2019heure o\u00f9 on dort encore \ud83d\udc26, et les pique-niques s\u2019encha\u00eenent plus vite que les squats un mardi soir\u2026<br>\n  <strong>Pas de doute : l\u2019\u00e9t\u00e9 arrive \ud83c\udf1e<\/strong><\/p>\n\n  <p>Et chez What the Fit, qui dit \u00e9t\u00e9, dit\u2026<\/p>\n  <p><strong><em>SPORT EN PLEIN AIR ET GOOD VIBES \u00c0 GOGO \ud83c\udf33\ud83d\udca6<\/em><\/strong><\/p>\n\n  <p>Sans plus attendre, voil\u00e0 ce que tu ne dois surtout pas manquer ce mois-ci :<\/p>\n\n  <hr>\n\n<h3>\ud83c\udf89 Cours multi-animatrices \u2013 samedi 28 juin \u2013 La Torse<\/h3>\n\n<img decoding=\"async\" src=\"https:\/\/www.whatthefit.fr\/wp-content\/uploads\/2025\/06\/WhatsApp-Image-2025-06-25-at-10.44.10.jpeg\" alt=\"Cours multi-animatrices\" style=\"width: 100%; max-width: 700px; height: auto; border-radius: 8px; margin: 10px 0;\">\n\n<p>On lance officiellement les cours d&rsquo;\u00e9t\u00e9 avec un <em>giga cours<\/em> plein de bonne humeur et de coachs survolt\u00e9es.<\/p>\n<p><strong>Imagine : 7 animatrices, 1 heure de sueur joyeuse, une playlist de la bomba !<\/strong><\/p>\n<p>\ud83d\udcc5 <strong>Samedi 28 juin \u00e0 10h \u2013 Parc de la Torse<\/strong><br>\n\ud83d\udcb8 Gratuit, bonnard, ouvert \u00e0 tous : ram\u00e8ne ton tapis et tes potes !<\/p>\n\n<hr>\n\n\n  <h3>\ud83c\udf1e Les cours d\u2019\u00e9t\u00e9 en plein air \u2013 du 23 juin au 6 septembre 2025<\/h3>\n  <p>Vous les adorez, vous les r\u00e9clamez, vous transpirez de bonheur \u00e0 chaque fois : <strong>ils sont de retour !<\/strong><\/p>\n  <p>Les cours en ext\u00e9rieur WTF, <strong>gratuits<\/strong>, <strong>sans inscription<\/strong>, <strong>sans stress<\/strong>, <strong>sans paillette<\/strong> mais avec tout le reste.<\/p>\n\n  <p><strong>Au programme, tout l\u2019\u00e9t\u00e9 :<\/strong><br>\n  \u2022 Mardis et jeudis \u2013 19h \u2013 Parc de la Torse \ud83c\udf33<br>\n  \u2022 Mercredis \u2013 18h45 \u2013 Parc Saint Mitre \ud83c\udf33<br>\n  \u2022 Samedis \u2013 09h30 ou 10h \u2013 Parc de la Torse \ud83c\udf33<br>\n  <small>(l\u2019horaire d\u00e9pend de l&rsquo;anim, de la ros\u00e9e du matin et de l\u2019alignement des plan\u00e8tes\u2026 check le planning pour le d\u00e9tail !)<\/small><\/p>\n\n  <p>\ud83d\udccc Aucun niveau requis. Tapis conseill\u00e9. Bonne humeur obligatoire \ud83d\ude04<\/p>\n\n  <hr>\n\n  <h3>\u2754 O\u00f9 est Charlie ? En plein air \ud83c\udf33\ud83c\udf33\ud83c\udf33<\/h3>\n  <p>Pour ceux qui vont nous rejoindre pour la premi\u00e8re fois dans les parcs Aixois, vous trouverez ci-dessous toutes les infos pour nous trouver easy peasy :<\/p>\n  <ul>\n    <li><a href=\"https:\/\/www.whatthefit.fr\/index.php\/lieux\/la-torse\/\">Venir \u00e0 La Torse<\/a><\/li>\n    <li><a href=\"https:\/\/www.whatthefit.fr\/index.php\/lieux\/parc-saint-mitre\/\">Fitter \u00e0 Saint Mitre<\/a><\/li>\n  <\/ul>\n  <p>Sans oublier : tapis, anti-moustiques, et <strong>GOURDE<\/strong> obligatoire \ud83c\udf1e<\/p>\n\n  <hr>\n\n  <h3>\ud83c\udf0d Les p\u2019tites annonces de la WTF Planet&rsquo;<\/h3>\n  <p>Parce qu&rsquo;on re\u00e7oit souvent des demandes de partage d&rsquo;infos sur le groupe WhatsApp (qui est quand m\u00eame, rappelons-le, d\u00e9di\u00e9 au planning et aux infos\/questions de derni\u00e8res minutes), on a d\u00e9cid\u00e9 d&rsquo;inaugurer une nouvelle rubrique dans nos newsletters : les <strong>petites annonces de la WTF Planet&rsquo;<\/strong> !<\/p>\n  <p>Un coin d&rsquo;entraide entre membres, pour relayer les appels \u00e0 l\u2019aide, les bons plans, ou les coups de pouce en tout genre.<\/p>\n\n  <p><strong>Ce mois-ci :<\/strong><\/p>\n  <p>\ud83d\udd0e <strong>Fany cherche un 3 pi\u00e8ces (ou + coloc sympa) \u00e0 Aix-en-Provence<\/strong><br>\n  Pour sa fille qui d\u00e9bute la fac \u00e0 la rentr\u00e9e.<\/p>\n  <p>Si vous avez vent d\u2019un appart, d\u2019une coloc, d\u2019un bon plan, ou d\u2019un proprio sympa disposant d&rsquo;un trois pi\u00e8ces \u00e0 louer avec jacuzzi sur le balcon :<br>\n  \ud83d\udc49 envoyez-lui un message au <strong>07 89 82 96 81<\/strong><br>\n  Elle vous en sera \u00e9ternellement reconnaissante.<\/p>\n\n  <p>Si vous aussi, vous souhaitez partager sur votre activit\u00e9, proposer une d\u00e9couverte, du troc, que sais-je\u2026 n&rsquo;h\u00e9sitez pas \u00e0 nous contacter directement pour para\u00eetre dans les annonces du mois prochain.<\/p>\n\n  <hr>\n\n  <p>Voil\u00e0, c\u2019est tout pour cette \u00e9dition sp\u00e9ciale \u00e9t\u00e9 \u2013 mais c\u2019est d\u00e9j\u00e0 pas mal, non ?<\/p>\n  <p>Entre les coachs en libert\u00e9, les cours sans fronti\u00e8res et les petits coups de pouce entre adh\u00e9rents, on vous souhaite un <strong>\u00e9t\u00e9 sportif, solaire et solidaire<\/strong>.<\/p>\n\n  <p>Allez, on se voit bient\u00f4t sur un tapis au soleil ?<br>\n  (ou sous un arbre, avec un mojito, on n\u2019est pas difficiles.)<\/p>\n\n  <p><a href=\"https:\/\/www.whatthefit.fr\/index.php\/planning\/\" style=\"background-color: black; color: white; padding: 10px 15px; border-radius: 5px; text-decoration: none; display: inline-block; margin-top: 10px;\">\ud83d\udcc5 Check le planning d&rsquo;\u00e9t\u00e9<\/a><\/p>\n\n  <p style=\"font-weight: bold;\">\u00c0 tr\u00e8s vite,<br>\n  Love \ud83d\udc9a<br>\n  Pau pour What the Fit !<\/p>\n\n<\/div>\n","protected":false},"excerpt":{"rendered":"<p>Hello \u00e0 tous ! Le soleil tape un peu plus (trop) fort, les oiseaux chantent \u00e0 l\u2019heure o\u00f9 on dort encore \ud83d\udc26, et les pique-niques s\u2019encha\u00eenent plus vite que les squats un mardi soir\u2026 Pas de doute : l\u2019\u00e9t\u00e9 arrive \ud83c\udf1e Et chez What the Fit, qui dit \u00e9t\u00e9, dit\u2026 SPORT EN PLEIN AIR ET [&hellip;]<\/p>\n","protected":false},"author":1,"featured_media":0,"comment_status":"closed","ping_status":"open","sticky":false,"template":"","format":"standard","meta":{"_uag_custom_page_level_css":"","footnotes":""},"categories":[46],"tags":[],"class_list":["post-3840","post","type-post","status-publish","format-standard","hentry","category-newsletter","entry"],"yoast_head":"<!-- This site is optimized with the Yoast SEO plugin v27.5 - https:\/\/yoast.com\/product\/yoast-seo-wordpress\/ -->\n<title>Vive l&#039;\u00e9t\u00e9 avec What the Fit ! - What the Fit<\/title>\n<meta name=\"robots\" content=\"index, follow, max-snippet:-1, max-image-preview:large, max-video-preview:-1\" \/>\n<link rel=\"canonical\" href=\"https:\/\/www.whatthefit.fr\/index.php\/2025\/06\/25\/vive-lete-avec-what-the-fit\/\" \/>\n<meta property=\"og:locale\" content=\"fr_FR\" \/>\n<meta property=\"og:type\" content=\"article\" \/>\n<meta property=\"og:title\" content=\"Vive l&#039;\u00e9t\u00e9 avec What the Fit ! - What the Fit\" \/>\n<meta property=\"og:description\" content=\"Hello \u00e0 tous ! Le soleil tape un peu plus (trop) fort, les oiseaux chantent \u00e0 l\u2019heure o\u00f9 on dort encore \ud83d\udc26, et les pique-niques s\u2019encha\u00eenent plus vite que les squats un mardi soir\u2026 Pas de doute : l\u2019\u00e9t\u00e9 arrive \ud83c\udf1e Et chez What the Fit, qui dit \u00e9t\u00e9, dit\u2026 SPORT EN PLEIN AIR ET [&hellip;]\" \/>\n<meta property=\"og:url\" content=\"https:\/\/www.whatthefit.fr\/index.php\/2025\/06\/25\/vive-lete-avec-what-the-fit\/\" \/>\n<meta property=\"og:site_name\" content=\"What the Fit\" \/>\n<meta property=\"article:publisher\" content=\"https:\/\/www.facebook.com\/AdminWTFit\/\" \/>\n<meta property=\"article:published_time\" content=\"2025-06-25T14:43:43+00:00\" \/>\n<meta property=\"article:modified_time\" content=\"2025-06-28T06:19:43+00:00\" \/>\n<meta property=\"og:image\" content=\"https:\/\/www.whatthefit.fr\/wp-content\/uploads\/2025\/06\/WhatsApp-Image-2025-06-25-at-10.44.10.jpeg\" \/>\n<meta name=\"author\" content=\"Admin1944\" \/>\n<meta name=\"twitter:card\" content=\"summary_large_image\" \/>\n<meta name=\"twitter:label1\" content=\"\u00c9crit par\" \/>\n\t<meta name=\"twitter:data1\" content=\"Admin1944\" \/>\n\t<meta name=\"twitter:label2\" content=\"Dur\u00e9e de lecture estim\u00e9e\" \/>\n\t<meta name=\"twitter:data2\" content=\"3 minutes\" \/>\n<script type=\"application\/ld+json\" class=\"yoast-schema-graph\">{\"@context\":\"https:\\\/\\\/schema.org\",\"@graph\":[{\"@type\":\"Article\",\"@id\":\"https:\\\/\\\/www.whatthefit.fr\\\/index.php\\\/2025\\\/06\\\/25\\\/vive-lete-avec-what-the-fit\\\/#article\",\"isPartOf\":{\"@id\":\"https:\\\/\\\/www.whatthefit.fr\\\/index.php\\\/2025\\\/06\\\/25\\\/vive-lete-avec-what-the-fit\\\/\"},\"author\":{\"name\":\"Admin1944\",\"@id\":\"https:\\\/\\\/www.whatthefit.fr\\\/#\\\/schema\\\/person\\\/44fbd68457bbed5c4d3aa0887f0f9c24\"},\"headline\":\"Vive l&rsquo;\u00e9t\u00e9 avec What the Fit !\",\"datePublished\":\"2025-06-25T14:43:43+00:00\",\"dateModified\":\"2025-06-28T06:19:43+00:00\",\"mainEntityOfPage\":{\"@id\":\"https:\\\/\\\/www.whatthefit.fr\\\/index.php\\\/2025\\\/06\\\/25\\\/vive-lete-avec-what-the-fit\\\/\"},\"wordCount\":547,\"publisher\":{\"@id\":\"https:\\\/\\\/www.whatthefit.fr\\\/#organization\"},\"image\":{\"@id\":\"https:\\\/\\\/www.whatthefit.fr\\\/index.php\\\/2025\\\/06\\\/25\\\/vive-lete-avec-what-the-fit\\\/#primaryimage\"},\"thumbnailUrl\":\"https:\\\/\\\/www.whatthefit.fr\\\/wp-content\\\/uploads\\\/2025\\\/06\\\/WhatsApp-Image-2025-06-25-at-10.44.10.jpeg\",\"articleSection\":[\"Newsletter\"],\"inLanguage\":\"fr-FR\"},{\"@type\":\"WebPage\",\"@id\":\"https:\\\/\\\/www.whatthefit.fr\\\/index.php\\\/2025\\\/06\\\/25\\\/vive-lete-avec-what-the-fit\\\/\",\"url\":\"https:\\\/\\\/www.whatthefit.fr\\\/index.php\\\/2025\\\/06\\\/25\\\/vive-lete-avec-what-the-fit\\\/\",\"name\":\"Vive l'\u00e9t\u00e9 avec What the Fit ! - What the Fit\",\"isPartOf\":{\"@id\":\"https:\\\/\\\/www.whatthefit.fr\\\/#website\"},\"primaryImageOfPage\":{\"@id\":\"https:\\\/\\\/www.whatthefit.fr\\\/index.php\\\/2025\\\/06\\\/25\\\/vive-lete-avec-what-the-fit\\\/#primaryimage\"},\"image\":{\"@id\":\"https:\\\/\\\/www.whatthefit.fr\\\/index.php\\\/2025\\\/06\\\/25\\\/vive-lete-avec-what-the-fit\\\/#primaryimage\"},\"thumbnailUrl\":\"https:\\\/\\\/www.whatthefit.fr\\\/wp-content\\\/uploads\\\/2025\\\/06\\\/WhatsApp-Image-2025-06-25-at-10.44.10.jpeg\",\"datePublished\":\"2025-06-25T14:43:43+00:00\",\"dateModified\":\"2025-06-28T06:19:43+00:00\",\"breadcrumb\":{\"@id\":\"https:\\\/\\\/www.whatthefit.fr\\\/index.php\\\/2025\\\/06\\\/25\\\/vive-lete-avec-what-the-fit\\\/#breadcrumb\"},\"inLanguage\":\"fr-FR\",\"potentialAction\":[{\"@type\":\"ReadAction\",\"target\":[\"https:\\\/\\\/www.whatthefit.fr\\\/index.php\\\/2025\\\/06\\\/25\\\/vive-lete-avec-what-the-fit\\\/\"]}]},{\"@type\":\"ImageObject\",\"inLanguage\":\"fr-FR\",\"@id\":\"https:\\\/\\\/www.whatthefit.fr\\\/index.php\\\/2025\\\/06\\\/25\\\/vive-lete-avec-what-the-fit\\\/#primaryimage\",\"url\":\"https:\\\/\\\/www.whatthefit.fr\\\/wp-content\\\/uploads\\\/2025\\\/06\\\/WhatsApp-Image-2025-06-25-at-10.44.10.jpeg\",\"contentUrl\":\"https:\\\/\\\/www.whatthefit.fr\\\/wp-content\\\/uploads\\\/2025\\\/06\\\/WhatsApp-Image-2025-06-25-at-10.44.10.jpeg\",\"width\":558,\"height\":697},{\"@type\":\"BreadcrumbList\",\"@id\":\"https:\\\/\\\/www.whatthefit.fr\\\/index.php\\\/2025\\\/06\\\/25\\\/vive-lete-avec-what-the-fit\\\/#breadcrumb\",\"itemListElement\":[{\"@type\":\"ListItem\",\"position\":1,\"name\":\"Accueil\",\"item\":\"https:\\\/\\\/www.whatthefit.fr\\\/\"},{\"@type\":\"ListItem\",\"position\":2,\"name\":\"Vive l&rsquo;\u00e9t\u00e9 avec What the Fit !\"}]},{\"@type\":\"WebSite\",\"@id\":\"https:\\\/\\\/www.whatthefit.fr\\\/#website\",\"url\":\"https:\\\/\\\/www.whatthefit.fr\\\/\",\"name\":\"What the Fit\",\"description\":\"May the Fit be With You !\",\"publisher\":{\"@id\":\"https:\\\/\\\/www.whatthefit.fr\\\/#organization\"},\"potentialAction\":[{\"@type\":\"SearchAction\",\"target\":{\"@type\":\"EntryPoint\",\"urlTemplate\":\"https:\\\/\\\/www.whatthefit.fr\\\/?s={search_term_string}\"},\"query-input\":{\"@type\":\"PropertyValueSpecification\",\"valueRequired\":true,\"valueName\":\"search_term_string\"}}],\"inLanguage\":\"fr-FR\"},{\"@type\":\"Organization\",\"@id\":\"https:\\\/\\\/www.whatthefit.fr\\\/#organization\",\"name\":\"WTF - What the Fit\",\"url\":\"https:\\\/\\\/www.whatthefit.fr\\\/\",\"logo\":{\"@type\":\"ImageObject\",\"inLanguage\":\"fr-FR\",\"@id\":\"https:\\\/\\\/www.whatthefit.fr\\\/#\\\/schema\\\/logo\\\/image\\\/\",\"url\":\"https:\\\/\\\/www.whatthefit.fr\\\/wp-content\\\/uploads\\\/2022\\\/09\\\/Copie-de-Logo-Flo-VF-Noir.png\",\"contentUrl\":\"https:\\\/\\\/www.whatthefit.fr\\\/wp-content\\\/uploads\\\/2022\\\/09\\\/Copie-de-Logo-Flo-VF-Noir.png\",\"width\":1079,\"height\":1419,\"caption\":\"WTF - What the Fit\"},\"image\":{\"@id\":\"https:\\\/\\\/www.whatthefit.fr\\\/#\\\/schema\\\/logo\\\/image\\\/\"},\"sameAs\":[\"https:\\\/\\\/www.facebook.com\\\/AdminWTFit\\\/\",\"https:\\\/\\\/www.instagram.com\\\/wtfwhatthefitaix\\\/\"]},{\"@type\":\"Person\",\"@id\":\"https:\\\/\\\/www.whatthefit.fr\\\/#\\\/schema\\\/person\\\/44fbd68457bbed5c4d3aa0887f0f9c24\",\"name\":\"Admin1944\",\"sameAs\":[\"https:\\\/\\\/www.whatthefit.fr\"],\"url\":\"https:\\\/\\\/www.whatthefit.fr\\\/index.php\\\/author\\\/admin1944\\\/\"}]}<\/script>\n<!-- \/ Yoast SEO plugin. -->","yoast_head_json":{"title":"Vive l'\u00e9t\u00e9 avec What the Fit ! - What the Fit","robots":{"index":"index","follow":"follow","max-snippet":"max-snippet:-1","max-image-preview":"max-image-preview:large","max-video-preview":"max-video-preview:-1"},"canonical":"https:\/\/www.whatthefit.fr\/index.php\/2025\/06\/25\/vive-lete-avec-what-the-fit\/","og_locale":"fr_FR","og_type":"article","og_title":"Vive l'\u00e9t\u00e9 avec What the Fit ! - What the Fit","og_description":"Hello \u00e0 tous ! Le soleil tape un peu plus (trop) fort, les oiseaux chantent \u00e0 l\u2019heure o\u00f9 on dort encore \ud83d\udc26, et les pique-niques s\u2019encha\u00eenent plus vite que les squats un mardi soir\u2026 Pas de doute : l\u2019\u00e9t\u00e9 arrive \ud83c\udf1e Et chez What the Fit, qui dit \u00e9t\u00e9, dit\u2026 SPORT EN PLEIN AIR ET [&hellip;]","og_url":"https:\/\/www.whatthefit.fr\/index.php\/2025\/06\/25\/vive-lete-avec-what-the-fit\/","og_site_name":"What the Fit","article_publisher":"https:\/\/www.facebook.com\/AdminWTFit\/","article_published_time":"2025-06-25T14:43:43+00:00","article_modified_time":"2025-06-28T06:19:43+00:00","og_image":[{"url":"https:\/\/www.whatthefit.fr\/wp-content\/uploads\/2025\/06\/WhatsApp-Image-2025-06-25-at-10.44.10.jpeg","type":"","width":"","height":""}],"author":"Admin1944","twitter_card":"summary_large_image","twitter_misc":{"\u00c9crit par":"Admin1944","Dur\u00e9e de lecture estim\u00e9e":"3 minutes"},"schema":{"@context":"https:\/\/schema.org","@graph":[{"@type":"Article","@id":"https:\/\/www.whatthefit.fr\/index.php\/2025\/06\/25\/vive-lete-avec-what-the-fit\/#article","isPartOf":{"@id":"https:\/\/www.whatthefit.fr\/index.php\/2025\/06\/25\/vive-lete-avec-what-the-fit\/"},"author":{"name":"Admin1944","@id":"https:\/\/www.whatthefit.fr\/#\/schema\/person\/44fbd68457bbed5c4d3aa0887f0f9c24"},"headline":"Vive l&rsquo;\u00e9t\u00e9 avec What the Fit !","datePublished":"2025-06-25T14:43:43+00:00","dateModified":"2025-06-28T06:19:43+00:00","mainEntityOfPage":{"@id":"https:\/\/www.whatthefit.fr\/index.php\/2025\/06\/25\/vive-lete-avec-what-the-fit\/"},"wordCount":547,"publisher":{"@id":"https:\/\/www.whatthefit.fr\/#organization"},"image":{"@id":"https:\/\/www.whatthefit.fr\/index.php\/2025\/06\/25\/vive-lete-avec-what-the-fit\/#primaryimage"},"thumbnailUrl":"https:\/\/www.whatthefit.fr\/wp-content\/uploads\/2025\/06\/WhatsApp-Image-2025-06-25-at-10.44.10.jpeg","articleSection":["Newsletter"],"inLanguage":"fr-FR"},{"@type":"WebPage","@id":"https:\/\/www.whatthefit.fr\/index.php\/2025\/06\/25\/vive-lete-avec-what-the-fit\/","url":"https:\/\/www.whatthefit.fr\/index.php\/2025\/06\/25\/vive-lete-avec-what-the-fit\/","name":"Vive l'\u00e9t\u00e9 avec What the Fit ! - What the Fit","isPartOf":{"@id":"https:\/\/www.whatthefit.fr\/#website"},"primaryImageOfPage":{"@id":"https:\/\/www.whatthefit.fr\/index.php\/2025\/06\/25\/vive-lete-avec-what-the-fit\/#primaryimage"},"image":{"@id":"https:\/\/www.whatthefit.fr\/index.php\/2025\/06\/25\/vive-lete-avec-what-the-fit\/#primaryimage"},"thumbnailUrl":"https:\/\/www.whatthefit.fr\/wp-content\/uploads\/2025\/06\/WhatsApp-Image-2025-06-25-at-10.44.10.jpeg","datePublished":"2025-06-25T14:43:43+00:00","dateModified":"2025-06-28T06:19:43+00:00","breadcrumb":{"@id":"https:\/\/www.whatthefit.fr\/index.php\/2025\/06\/25\/vive-lete-avec-what-the-fit\/#breadcrumb"},"inLanguage":"fr-FR","potentialAction":[{"@type":"ReadAction","target":["https:\/\/www.whatthefit.fr\/index.php\/2025\/06\/25\/vive-lete-avec-what-the-fit\/"]}]},{"@type":"ImageObject","inLanguage":"fr-FR","@id":"https:\/\/www.whatthefit.fr\/index.php\/2025\/06\/25\/vive-lete-avec-what-the-fit\/#primaryimage","url":"https:\/\/www.whatthefit.fr\/wp-content\/uploads\/2025\/06\/WhatsApp-Image-2025-06-25-at-10.44.10.jpeg","contentUrl":"https:\/\/www.whatthefit.fr\/wp-content\/uploads\/2025\/06\/WhatsApp-Image-2025-06-25-at-10.44.10.jpeg","width":558,"height":697},{"@type":"BreadcrumbList","@id":"https:\/\/www.whatthefit.fr\/index.php\/2025\/06\/25\/vive-lete-avec-what-the-fit\/#breadcrumb","itemListElement":[{"@type":"ListItem","position":1,"name":"Accueil","item":"https:\/\/www.whatthefit.fr\/"},{"@type":"ListItem","position":2,"name":"Vive l&rsquo;\u00e9t\u00e9 avec What the Fit !"}]},{"@type":"WebSite","@id":"https:\/\/www.whatthefit.fr\/#website","url":"https:\/\/www.whatthefit.fr\/","name":"What the Fit","description":"May the Fit be With You !","publisher":{"@id":"https:\/\/www.whatthefit.fr\/#organization"},"potentialAction":[{"@type":"SearchAction","target":{"@type":"EntryPoint","urlTemplate":"https:\/\/www.whatthefit.fr\/?s={search_term_string}"},"query-input":{"@type":"PropertyValueSpecification","valueRequired":true,"valueName":"search_term_string"}}],"inLanguage":"fr-FR"},{"@type":"Organization","@id":"https:\/\/www.whatthefit.fr\/#organization","name":"WTF - What the Fit","url":"https:\/\/www.whatthefit.fr\/","logo":{"@type":"ImageObject","inLanguage":"fr-FR","@id":"https:\/\/www.whatthefit.fr\/#\/schema\/logo\/image\/","url":"https:\/\/www.whatthefit.fr\/wp-content\/uploads\/2022\/09\/Copie-de-Logo-Flo-VF-Noir.png","contentUrl":"https:\/\/www.whatthefit.fr\/wp-content\/uploads\/2022\/09\/Copie-de-Logo-Flo-VF-Noir.png","width":1079,"height":1419,"caption":"WTF - What the Fit"},"image":{"@id":"https:\/\/www.whatthefit.fr\/#\/schema\/logo\/image\/"},"sameAs":["https:\/\/www.facebook.com\/AdminWTFit\/","https:\/\/www.instagram.com\/wtfwhatthefitaix\/"]},{"@type":"Person","@id":"https:\/\/www.whatthefit.fr\/#\/schema\/person\/44fbd68457bbed5c4d3aa0887f0f9c24","name":"Admin1944","sameAs":["https:\/\/www.whatthefit.fr"],"url":"https:\/\/www.whatthefit.fr\/index.php\/author\/admin1944\/"}]}},"uagb_featured_image_src":{"full":false,"thumbnail":false,"medium":false,"medium_large":false,"large":false,"1536x1536":false,"2048x2048":false,"ocean-thumb-m":false,"ocean-thumb-ml":false,"ocean-thumb-l":false,"mailpoet_newsletter_max":false,"woocommerce_thumbnail":false,"woocommerce_single":false,"woocommerce_gallery_thumbnail":false},"uagb_author_info":{"display_name":"Admin1944","author_link":"https:\/\/www.whatthefit.fr\/index.php\/author\/admin1944\/"},"uagb_comment_info":0,"uagb_excerpt":"Hello \u00e0 tous ! Le soleil tape un peu plus (trop) fort, les oiseaux chantent \u00e0 l\u2019heure o\u00f9 on dort encore \ud83d\udc26, et les pique-niques s\u2019encha\u00eenent plus vite que les squats un mardi soir\u2026 Pas de doute : l\u2019\u00e9t\u00e9 arrive \ud83c\udf1e Et chez What the Fit, qui dit \u00e9t\u00e9, dit\u2026 SPORT EN PLEIN AIR ET\u2026","_links":{"self":[{"href":"https:\/\/www.whatthefit.fr\/index.php\/wp-json\/wp\/v2\/posts\/3840","targetHints":{"allow":["GET"]}}],"collection":[{"href":"https:\/\/www.whatthefit.fr\/index.php\/wp-json\/wp\/v2\/posts"}],"about":[{"href":"https:\/\/www.whatthefit.fr\/index.php\/wp-json\/wp\/v2\/types\/post"}],"author":[{"embeddable":true,"href":"https:\/\/www.whatthefit.fr\/index.php\/wp-json\/wp\/v2\/users\/1"}],"replies":[{"embeddable":true,"href":"https:\/\/www.whatthefit.fr\/index.php\/wp-json\/wp\/v2\/comments?post=3840"}],"version-history":[{"count":2,"href":"https:\/\/www.whatthefit.fr\/index.php\/wp-json\/wp\/v2\/posts\/3840\/revisions"}],"predecessor-version":[{"id":3843,"href":"https:\/\/www.whatthefit.fr\/index.php\/wp-json\/wp\/v2\/posts\/3840\/revisions\/3843"}],"wp:attachment":[{"href":"https:\/\/www.whatthefit.fr\/index.php\/wp-json\/wp\/v2\/media?parent=3840"}],"wp:term":[{"taxonomy":"category","embeddable":true,"href":"https:\/\/www.whatthefit.fr\/index.php\/wp-json\/wp\/v2\/categories?post=3840"},{"taxonomy":"post_tag","embeddable":true,"href":"https:\/\/www.whatthefit.fr\/index.php\/wp-json\/wp\/v2\/tags?post=3840"}],"curies":[{"name":"wp","href":"https:\/\/api.w.org\/{rel}","templated":true}]}}