{"id":4324,"date":"2025-08-25T12:07:56","date_gmt":"2025-08-25T10:07:56","guid":{"rendered":"https:\/\/www.whatthefit.fr\/?p=4324"},"modified":"2025-08-25T12:24:58","modified_gmt":"2025-08-25T10:24:58","slug":"newsletter-de-rentree","status":"publish","type":"post","link":"https:\/\/www.whatthefit.fr\/index.php\/2025\/08\/25\/newsletter-de-rentree\/","title":{"rendered":"\u00a0Newsletter de Rentr\u00e9e"},"content":{"rendered":"\n<p>On esp\u00e8re que vos vacances ont \u00e9t\u00e9 sportives\u2026 ou pas (parce que la sieste au soleil, \u00e7a compte aussi comme r\u00e9cup\u00e9ration active, hein \ud83d\ude0e).<\/p>\n\n\n\n<p>C\u2019est l\u2019heure de rechausser vos baskets, de d\u00e9rouler vos tapis pour\u2026<\/p>\n\n\n\n<h2 class=\"wp-block-heading has-text-align-center has-luminous-vivid-orange-color has-text-color has-link-color wp-elements-8ae21a4a6b4133d23a3eeb48c7755455\"><strong>LA SAISON 2025\/2026 !<\/strong><\/h2>\n\n\n\n<hr class=\"wp-block-separator has-text-color has-vivid-cyan-blue-color has-alpha-channel-opacity has-vivid-cyan-blue-background-color has-background is-style-wide\"\/>\n\n\n\n<h2 class=\"wp-block-heading\">\ud83d\ude80 Nouvelle salle : Le Pavillon Sainte Victoire<\/h2>\n\n\n\n<p>Super nouvelle, What the Fit pose ses baskets au Tholonet \ud83e\udd73 !<br>On est ravies : les salles sont magnifiques, l&rsquo;acc\u00e8s est facile, avec en plus un parking d\u00e9di\u00e9.<\/p>\n\n\n\n<p>A partir de septembre, rendez-vous 2 fois par semaine :<\/p>\n\n\n\n<ul class=\"wp-block-list\">\n<li>Lundi \u00e0 19h15<\/li>\n\n\n\n<li>Vendredi \u00e0 18h30<\/li>\n<\/ul>\n\n\n\n<p><a href=\"https:\/\/www.whatthefit.fr\/index.php\/lieux\/le-pavillon\/\" target=\"_blank\" rel=\"noreferrer noopener\">\ud83d\udc49 Toutes les infos pratiques ici<\/a><\/p>\n\n\n\n<p>Dans le planning et sur le site, cette p\u00e9pite a \u00e9t\u00e9 nomm\u00e9e \u00ab\u00a0Le Pavillon\u00a0\u00bb.<\/p>\n\n\n\n<div class=\"wp-block-uagb-image aligncenter uagb-block-bb14bfc2 wp-block-uagb-image--layout-default wp-block-uagb-image--effect-static wp-block-uagb-image--align-center\"><figure class=\"wp-block-uagb-image__figure\"><img decoding=\"async\" srcset=\"https:\/\/www.whatthefit.fr\/wp-content\/uploads\/2025\/08\/Tholonet-1024x576.jpg ,https:\/\/www.whatthefit.fr\/wp-content\/uploads\/2025\/08\/Tholonet.jpg 780w, https:\/\/www.whatthefit.fr\/wp-content\/uploads\/2025\/08\/Tholonet.jpg 360w\" sizes=\"auto, (max-width: 480px) 150px\" src=\"https:\/\/www.whatthefit.fr\/wp-content\/uploads\/2025\/08\/Tholonet-1024x576.jpg\" alt=\"\" class=\"uag-image-4318\" width=\"1024\" height=\"576\" title=\"Tholonet\" loading=\"lazy\" role=\"img\"\/><\/figure><\/div>\n\n\n\n<hr class=\"wp-block-separator has-text-color has-vivid-cyan-blue-color has-alpha-channel-opacity has-vivid-cyan-blue-background-color has-background is-style-wide\"\/>\n\n\n\n<h2 class=\"wp-block-heading\">Les salons de la rentr\u00e9e : on a besoin de vous \ud83d\ude4c<\/h2>\n\n\n\n<div class=\"wp-block-columns is-layout-flex wp-container-core-columns-is-layout-9d6595d7 wp-block-columns-is-layout-flex\">\n<div class=\"wp-block-column is-layout-flow wp-block-column-is-layout-flow\">\n<div class=\"wp-block-uagb-image uagb-block-a45073e9 wp-block-uagb-image--layout-default wp-block-uagb-image--effect-static wp-block-uagb-image--align-none\"><figure class=\"wp-block-uagb-image__figure\"><img decoding=\"async\" srcset=\"https:\/\/www.whatthefit.fr\/wp-content\/uploads\/2025\/08\/depliant_web_pages-to-jpg-0001-724x1024.jpg ,https:\/\/www.whatthefit.fr\/wp-content\/uploads\/2025\/08\/depliant_web_pages-to-jpg-0001-scaled.jpg 780w, https:\/\/www.whatthefit.fr\/wp-content\/uploads\/2025\/08\/depliant_web_pages-to-jpg-0001-scaled.jpg 360w\" sizes=\"auto, (max-width: 480px) 150px\" src=\"https:\/\/www.whatthefit.fr\/wp-content\/uploads\/2025\/08\/depliant_web_pages-to-jpg-0001-724x1024.jpg\" alt=\"\" class=\"uag-image-4319\" width=\"724\" height=\"1024\" title=\"depliant_web_pages-to-jpg-0001\" loading=\"lazy\" role=\"img\"\/><\/figure><\/div>\n<\/div>\n\n\n\n<div class=\"wp-block-column is-vertically-aligned-center is-layout-flow wp-block-column-is-layout-flow\">\n<p>L&rsquo;\u00e9quipe sera pr\u00e9sente sur <strong>3 salons d\u00e9but septembre :<\/strong><\/p>\n\n\n\n<ul class=\"wp-block-list\">\n<li><strong>Samedi 6 septembre <\/strong>\u2192 Salon des Sports \u2013 Complexe sportif Val de l&rsquo;Arc<\/li>\n\n\n\n<li><strong>Dimanche 7 septembre <\/strong>\u2192 Matin\u00e9es des Associations &#8211; Tholonet<\/li>\n\n\n\n<li><strong>Dimanche 14 septembre<\/strong> \u2192 Forum des Associations et du B\u00e9n\u00e9volat \u2013 Cours Mirabeau<\/li>\n<\/ul>\n<\/div>\n<\/div>\n\n\n\n<p><strong>\ud83d\udca1 On cherche des volontaires pour nous aider \u00e0 pr\u00e9senter l\u2019asso, les cours, et accueillir les curieux.<br><\/strong>Si vous \u00eates dispo, faites-nous signe (m\u00eame une petite heure, \u00e7a compte) sur WhatsApp, ou venez nous voir apr\u00e8s les cours.<\/p>\n\n\n\n<hr class=\"wp-block-separator has-text-color has-vivid-cyan-blue-color has-alpha-channel-opacity has-vivid-cyan-blue-background-color has-background is-style-wide\"\/>\n\n\n\n<h2 class=\"wp-block-heading\">\ud83c\udfaa Saison 2025-2026<\/h2>\n\n\n\n<p>\ud83d\udcc5<strong> Lundi 08 septembre <\/strong>\u2192 welcome back les cours en salle ! On vous attend motiv\u00e9s et en pleine forme.<\/p>\n\n\n\n<p>\ud83d\udce2 <strong>D\u00e8s le 1er septembre<\/strong>, la boutique What the Fit rouvre ses portes : abonnements, cartes de 10, s\u00e9ances \u00e0 l\u2019unit\u00e9\u2026 vous aurez l\u2019embarras du choix pour trouver la formule qui vous correspond.<\/p>\n\n\n\n<p>\ud83c\udf81<strong> Deux cours d\u2019essai<\/strong> sont offerts parce qu\u2019on aime partager notre \u00e9nergie :<br>\ud83d\udc49 Pour en b\u00e9n\u00e9ficier, chaque participant peut commander deux unit\u00e9s (ONE) et appliquer le code promo ci-dessous. Ensuite, il lui suffit de se pr\u00e9senter en salle aux deux cours de son choix, muni de son num\u00e9ro de commande (4 chiffres indiqu\u00e9s dans le mail de confirmation) -> le mieux c&rsquo;est d&rsquo;essayer !<\/p>\n\n\n\n<div class=\"wp-block-uagb-marketing-button uagb-marketing-btn__align-center uagb-marketing-btn__align-text-center uagb-marketing-btn__icon-after uagb-block-abca36ae wp-block-button\"><a href=\"https:\/\/www.whatthefit.fr\/index.php\/produit\/one-fit-1-cours\/\" class=\"uagb-marketing-btn__link wp-block-button__link\" target=\"\" rel=\"noopener noreferrer\"><span class=\"uagb-marketing-btn__title\">code promo : WTFSAISON25-26<\/span><svg xmlns=\"https:\/\/www.w3.org\/2000\/svg\" viewBox=\"0 0 512 512\"><path d=\"M384 320c-17.67 0-32 14.33-32 32v96H64V160h96c17.67 0 32-14.32 32-32s-14.33-32-32-32L64 96c-35.35 0-64 28.65-64 64V448c0 35.34 28.65 64 64 64h288c35.35 0 64-28.66 64-64v-96C416 334.3 401.7 320 384 320zM488 0H352c-12.94 0-24.62 7.797-29.56 19.75c-4.969 11.97-2.219 25.72 6.938 34.88L370.8 96L169.4 297.4c-12.5 12.5-12.5 32.75 0 45.25C175.6 348.9 183.8 352 192 352s16.38-3.125 22.62-9.375L416 141.3l41.38 41.38c9.156 9.141 22.88 11.84 34.88 6.938C504.2 184.6 512 172.9 512 160V24C512 10.74 501.3 0 488 0z\"><\/path><\/svg><p class=\"uagb-marketing-btn__prefix\">J&rsquo;aimerais b\u00e9n\u00e9ficier de deux cours d&rsquo;essai gratuits<\/p><\/a><\/div>\n\n\n\n<p>Parlez-en autour de vous : ami\u00b7e\u00b7s, coll\u00e8gues, voisin\u00b7e\u00b7s, cousin\u00b7e\u00b7s, la plan\u00e8te enti\u00e8re \ud83c\udf0d !<\/p>\n\n\n\n<hr class=\"wp-block-separator has-text-color has-vivid-cyan-blue-color has-alpha-channel-opacity has-vivid-cyan-blue-background-color has-background is-style-wide\"\/>\n\n\n\n<h2 class=\"wp-block-heading\">\u2728 Nouveau programme : Flow Fit<\/h2>\n\n\n\n<div class=\"wp-block-columns is-layout-flex wp-container-core-columns-is-layout-9d6595d7 wp-block-columns-is-layout-flex\">\n<div class=\"wp-block-column is-vertically-aligned-center is-layout-flow wp-block-column-is-layout-flow\" style=\"flex-basis:33.33%\">\n<p>Notre Magic&rsquo;Mimi vous propose une nouveaut\u00e9 : le <strong>FLOW<\/strong>, un <strong>mix yoga unique <\/strong>avec zoom sur sa derni\u00e8re passion, les fascias \ud83e\uddd8\u200d\u2640\ufe0f. Moi, j&rsquo;ai h\u00e2te d&rsquo;essayer !<\/p>\n\n\n\n<p>\ud83d\udd52 Format : 30 minutes, \u00e0 la fin de ses cours.<br>Id\u00e9al pour rel\u00e2cher, respirer et flotter (presque) au-dessus du sol.<\/p>\n<\/div>\n\n\n\n<div class=\"wp-block-column is-layout-flow wp-block-column-is-layout-flow\" style=\"flex-basis:66.66%\">\n<div class=\"wp-block-uagb-image uagb-block-f6944896 wp-block-uagb-image--layout-default wp-block-uagb-image--effect-static wp-block-uagb-image--align-none\"><figure class=\"wp-block-uagb-image__figure\"><img decoding=\"async\" srcset=\"https:\/\/www.whatthefit.fr\/wp-content\/uploads\/2025\/08\/16012024-0B9A9536-1024x683.jpg ,https:\/\/www.whatthefit.fr\/wp-content\/uploads\/2025\/08\/16012024-0B9A9536-scaled.jpg 780w, https:\/\/www.whatthefit.fr\/wp-content\/uploads\/2025\/08\/16012024-0B9A9536-scaled.jpg 360w\" sizes=\"auto, (max-width: 480px) 150px\" src=\"https:\/\/www.whatthefit.fr\/wp-content\/uploads\/2025\/08\/16012024-0B9A9536-1024x683.jpg\" alt=\"\" class=\"uag-image-4321\" width=\"1024\" height=\"683\" title=\"16012024-0B9A9536\" loading=\"lazy\" role=\"img\"\/><\/figure><\/div>\n<\/div>\n<\/div>\n\n\n\n<hr class=\"wp-block-separator has-text-color has-vivid-cyan-blue-color has-alpha-channel-opacity has-vivid-cyan-blue-background-color has-background is-style-wide\"\/>\n\n\n\n<h2 class=\"wp-block-heading\">\ud83c\udf0d Les p\u2019tites annonces de la WTF Planet&rsquo;<\/h2>\n\n\n\n<p>Parce qu&rsquo;on re\u00e7oit souvent des demandes de partage d&rsquo;infos sur le groupe whatsapp (qui est quand m\u00eame, rappelons-le, d\u00e9di\u00e9 au planning et aux infos\/questions de derni\u00e8res minutes), on a d\u00e9cid\u00e9 d&rsquo;inaugurer une nouvelle rubrique dans nos newsletters : les petites annonces de la WTF Planet&rsquo; !<br>Un coin d&rsquo;entraide entre membres, pour relayer les appels \u00e0 l\u2019aide, les bons plans, ou les coups de pouce en tout genre.<\/p>\n\n\n\n<hr class=\"wp-block-separator has-text-color has-vivid-cyan-blue-color has-alpha-channel-opacity has-vivid-cyan-blue-background-color has-background is-style-default\"\/>\n\n\n\n<p>\ud83d\udd0e Recherche studio \u00e0 louer sur Aix pour ma fille [ok p\u00e9riph\u00e9rie d\u2019Aix si bien desservi par les bus]. Meubl\u00e9 ou non meubl\u00e9 peu importe, pas de colocation, loyer max 550 \u20ac CC.<br>Merci d\u2019avance pour votre aide, Manu<br>\ud83d\udc49 envoyez-lui un message au {06.67.28.33.13}<br>Un grand merci !<\/p>\n\n\n\n<hr class=\"wp-block-separator has-text-color has-vivid-cyan-blue-color has-alpha-channel-opacity has-vivid-cyan-blue-background-color has-background is-style-default\"\/>\n\n\n\n<p>Si vous aussi, vous souhaitez partager sur votre activit\u00e9, proposer une d\u00e9couverte, du troc, que sais-je, n&rsquo;h\u00e9sitez pas \u00e0 nous contacter directement pour para\u00eetre dans les annonces du mois prochain.<\/p>\n\n\n\n<hr class=\"wp-block-separator has-text-color has-vivid-cyan-blue-color has-alpha-channel-opacity has-vivid-cyan-blue-background-color has-background is-style-wide\"\/>\n\n\n\n<h2 class=\"wp-block-heading\">\ud83d\udc8c Et maintenant ?<\/h2>\n\n\n\n<p>On s\u2019\u00e9chauffe doucement, on note les dates dans l\u2019agenda, et on se retrouve tr\u00e8s vite pour transpirer, sourire et partager des bons moments.<\/p>\n\n\n\n<p>Merci d\u2019\u00eatre toujours l\u00e0, vous \u00eates la meilleure team \ud83d\udc9a<\/p>\n\n\n\n<div class=\"wp-block-buttons is-content-justification-center is-layout-flex wp-container-core-buttons-is-layout-16018d1d wp-block-buttons-is-layout-flex\">\n<div class=\"wp-block-button\"><a class=\"wp-block-button__link has-text-align-center wp-element-button\" href=\"https:\/\/www.whatthefit.fr\/index.php\/planning\/\" target=\"_blank\" rel=\"noreferrer noopener\">T\u00e9ma le planning de rentr\u00e9e, fr\u00e8re<\/a><\/div>\n<\/div>\n\n\n\n<p>Je sais pas pourquoi ca l\u00e2che comme \u00e7a, parfois. J&rsquo;arrive pas \u00e0 rester cadr\u00e9e tout le temps. L&rsquo;excitation, sans doute.<br>J&rsquo;me fais penser \u00e0 un petit chien \u00e0 un concours canin.. qui reste bien sage, focus, pour \u00eatre nickel, et \u00e0 la fin, qui n&rsquo;arrive pas \u00e0 s&#8217;emp\u00eacher de faire pipi sur le pupitre du jury.<\/p>\n\n\n\n<hr class=\"wp-block-separator has-text-color has-vivid-cyan-blue-color has-alpha-channel-opacity has-vivid-cyan-blue-background-color has-background is-style-wide\"\/>\n\n\n\n<p>A tr\u00e8s vite,<br>Pau pour What the Fit !<\/p>\n\n\n\n<p><\/p>\n","protected":false},"excerpt":{"rendered":"<p>On esp\u00e8re que vos vacances ont \u00e9t\u00e9 sportives\u2026 ou pas (parce que la sieste au soleil, \u00e7a compte aussi comme r\u00e9cup\u00e9ration active, hein \ud83d\ude0e). C\u2019est l\u2019heure de rechausser vos baskets, de d\u00e9rouler vos tapis pour\u2026 LA SAISON 2025\/2026 ! \ud83d\ude80 Nouvelle salle : Le Pavillon Sainte Victoire Super nouvelle, What the Fit pose ses baskets [&hellip;]<\/p>\n","protected":false},"author":1,"featured_media":0,"comment_status":"closed","ping_status":"open","sticky":false,"template":"","format":"standard","meta":{"_uag_custom_page_level_css":"","footnotes":""},"categories":[46],"tags":[],"class_list":["post-4324","post","type-post","status-publish","format-standard","hentry","category-newsletter","entry"],"yoast_head":"<!-- This site is optimized with the Yoast SEO plugin v27.5 - https:\/\/yoast.com\/product\/yoast-seo-wordpress\/ -->\n<title>\u00a0Newsletter de Rentr\u00e9e - What the Fit<\/title>\n<meta name=\"robots\" content=\"index, follow, max-snippet:-1, max-image-preview:large, max-video-preview:-1\" \/>\n<link rel=\"canonical\" href=\"https:\/\/www.whatthefit.fr\/index.php\/2025\/08\/25\/newsletter-de-rentree\/\" \/>\n<meta property=\"og:locale\" content=\"fr_FR\" \/>\n<meta property=\"og:type\" content=\"article\" \/>\n<meta property=\"og:title\" content=\"\u00a0Newsletter de Rentr\u00e9e - What the Fit\" \/>\n<meta property=\"og:description\" content=\"On esp\u00e8re que vos vacances ont \u00e9t\u00e9 sportives\u2026 ou pas (parce que la sieste au soleil, \u00e7a compte aussi comme r\u00e9cup\u00e9ration active, hein \ud83d\ude0e). C\u2019est l\u2019heure de rechausser vos baskets, de d\u00e9rouler vos tapis pour\u2026 LA SAISON 2025\/2026 ! \ud83d\ude80 Nouvelle salle : Le Pavillon Sainte Victoire Super nouvelle, What the Fit pose ses baskets [&hellip;]\" \/>\n<meta property=\"og:url\" content=\"https:\/\/www.whatthefit.fr\/index.php\/2025\/08\/25\/newsletter-de-rentree\/\" \/>\n<meta property=\"og:site_name\" content=\"What the Fit\" \/>\n<meta property=\"article:publisher\" content=\"https:\/\/www.facebook.com\/AdminWTFit\/\" \/>\n<meta property=\"article:published_time\" content=\"2025-08-25T10:07:56+00:00\" \/>\n<meta property=\"article:modified_time\" content=\"2025-08-25T10:24:58+00:00\" \/>\n<meta property=\"og:image\" content=\"https:\/\/www.whatthefit.fr\/wp-content\/uploads\/2025\/08\/Tholonet-1024x576.jpg\" \/>\n<meta name=\"author\" content=\"Admin1944\" \/>\n<meta name=\"twitter:card\" content=\"summary_large_image\" \/>\n<meta name=\"twitter:label1\" content=\"\u00c9crit par\" \/>\n\t<meta name=\"twitter:data1\" content=\"Admin1944\" \/>\n\t<meta name=\"twitter:label2\" content=\"Dur\u00e9e de lecture estim\u00e9e\" \/>\n\t<meta name=\"twitter:data2\" content=\"4 minutes\" \/>\n<script type=\"application\/ld+json\" class=\"yoast-schema-graph\">{\"@context\":\"https:\\\/\\\/schema.org\",\"@graph\":[{\"@type\":\"Article\",\"@id\":\"https:\\\/\\\/www.whatthefit.fr\\\/index.php\\\/2025\\\/08\\\/25\\\/newsletter-de-rentree\\\/#article\",\"isPartOf\":{\"@id\":\"https:\\\/\\\/www.whatthefit.fr\\\/index.php\\\/2025\\\/08\\\/25\\\/newsletter-de-rentree\\\/\"},\"author\":{\"name\":\"Admin1944\",\"@id\":\"https:\\\/\\\/www.whatthefit.fr\\\/#\\\/schema\\\/person\\\/44fbd68457bbed5c4d3aa0887f0f9c24\"},\"headline\":\"\u00a0Newsletter de Rentr\u00e9e\",\"datePublished\":\"2025-08-25T10:07:56+00:00\",\"dateModified\":\"2025-08-25T10:24:58+00:00\",\"mainEntityOfPage\":{\"@id\":\"https:\\\/\\\/www.whatthefit.fr\\\/index.php\\\/2025\\\/08\\\/25\\\/newsletter-de-rentree\\\/\"},\"wordCount\":693,\"publisher\":{\"@id\":\"https:\\\/\\\/www.whatthefit.fr\\\/#organization\"},\"image\":{\"@id\":\"https:\\\/\\\/www.whatthefit.fr\\\/index.php\\\/2025\\\/08\\\/25\\\/newsletter-de-rentree\\\/#primaryimage\"},\"thumbnailUrl\":\"https:\\\/\\\/www.whatthefit.fr\\\/wp-content\\\/uploads\\\/2025\\\/08\\\/Tholonet-1024x576.jpg\",\"articleSection\":[\"Newsletter\"],\"inLanguage\":\"fr-FR\"},{\"@type\":\"WebPage\",\"@id\":\"https:\\\/\\\/www.whatthefit.fr\\\/index.php\\\/2025\\\/08\\\/25\\\/newsletter-de-rentree\\\/\",\"url\":\"https:\\\/\\\/www.whatthefit.fr\\\/index.php\\\/2025\\\/08\\\/25\\\/newsletter-de-rentree\\\/\",\"name\":\"\u00a0Newsletter de Rentr\u00e9e - What the Fit\",\"isPartOf\":{\"@id\":\"https:\\\/\\\/www.whatthefit.fr\\\/#website\"},\"primaryImageOfPage\":{\"@id\":\"https:\\\/\\\/www.whatthefit.fr\\\/index.php\\\/2025\\\/08\\\/25\\\/newsletter-de-rentree\\\/#primaryimage\"},\"image\":{\"@id\":\"https:\\\/\\\/www.whatthefit.fr\\\/index.php\\\/2025\\\/08\\\/25\\\/newsletter-de-rentree\\\/#primaryimage\"},\"thumbnailUrl\":\"https:\\\/\\\/www.whatthefit.fr\\\/wp-content\\\/uploads\\\/2025\\\/08\\\/Tholonet-1024x576.jpg\",\"datePublished\":\"2025-08-25T10:07:56+00:00\",\"dateModified\":\"2025-08-25T10:24:58+00:00\",\"breadcrumb\":{\"@id\":\"https:\\\/\\\/www.whatthefit.fr\\\/index.php\\\/2025\\\/08\\\/25\\\/newsletter-de-rentree\\\/#breadcrumb\"},\"inLanguage\":\"fr-FR\",\"potentialAction\":[{\"@type\":\"ReadAction\",\"target\":[\"https:\\\/\\\/www.whatthefit.fr\\\/index.php\\\/2025\\\/08\\\/25\\\/newsletter-de-rentree\\\/\"]}]},{\"@type\":\"ImageObject\",\"inLanguage\":\"fr-FR\",\"@id\":\"https:\\\/\\\/www.whatthefit.fr\\\/index.php\\\/2025\\\/08\\\/25\\\/newsletter-de-rentree\\\/#primaryimage\",\"url\":\"https:\\\/\\\/www.whatthefit.fr\\\/wp-content\\\/uploads\\\/2025\\\/08\\\/Tholonet.jpg\",\"contentUrl\":\"https:\\\/\\\/www.whatthefit.fr\\\/wp-content\\\/uploads\\\/2025\\\/08\\\/Tholonet.jpg\",\"width\":2000,\"height\":1125},{\"@type\":\"BreadcrumbList\",\"@id\":\"https:\\\/\\\/www.whatthefit.fr\\\/index.php\\\/2025\\\/08\\\/25\\\/newsletter-de-rentree\\\/#breadcrumb\",\"itemListElement\":[{\"@type\":\"ListItem\",\"position\":1,\"name\":\"Accueil\",\"item\":\"https:\\\/\\\/www.whatthefit.fr\\\/\"},{\"@type\":\"ListItem\",\"position\":2,\"name\":\"\u00a0Newsletter de Rentr\u00e9e\"}]},{\"@type\":\"WebSite\",\"@id\":\"https:\\\/\\\/www.whatthefit.fr\\\/#website\",\"url\":\"https:\\\/\\\/www.whatthefit.fr\\\/\",\"name\":\"What the Fit\",\"description\":\"May the Fit be With You !\",\"publisher\":{\"@id\":\"https:\\\/\\\/www.whatthefit.fr\\\/#organization\"},\"potentialAction\":[{\"@type\":\"SearchAction\",\"target\":{\"@type\":\"EntryPoint\",\"urlTemplate\":\"https:\\\/\\\/www.whatthefit.fr\\\/?s={search_term_string}\"},\"query-input\":{\"@type\":\"PropertyValueSpecification\",\"valueRequired\":true,\"valueName\":\"search_term_string\"}}],\"inLanguage\":\"fr-FR\"},{\"@type\":\"Organization\",\"@id\":\"https:\\\/\\\/www.whatthefit.fr\\\/#organization\",\"name\":\"WTF - What the Fit\",\"url\":\"https:\\\/\\\/www.whatthefit.fr\\\/\",\"logo\":{\"@type\":\"ImageObject\",\"inLanguage\":\"fr-FR\",\"@id\":\"https:\\\/\\\/www.whatthefit.fr\\\/#\\\/schema\\\/logo\\\/image\\\/\",\"url\":\"https:\\\/\\\/www.whatthefit.fr\\\/wp-content\\\/uploads\\\/2022\\\/09\\\/Copie-de-Logo-Flo-VF-Noir.png\",\"contentUrl\":\"https:\\\/\\\/www.whatthefit.fr\\\/wp-content\\\/uploads\\\/2022\\\/09\\\/Copie-de-Logo-Flo-VF-Noir.png\",\"width\":1079,\"height\":1419,\"caption\":\"WTF - What the Fit\"},\"image\":{\"@id\":\"https:\\\/\\\/www.whatthefit.fr\\\/#\\\/schema\\\/logo\\\/image\\\/\"},\"sameAs\":[\"https:\\\/\\\/www.facebook.com\\\/AdminWTFit\\\/\",\"https:\\\/\\\/www.instagram.com\\\/wtfwhatthefitaix\\\/\"]},{\"@type\":\"Person\",\"@id\":\"https:\\\/\\\/www.whatthefit.fr\\\/#\\\/schema\\\/person\\\/44fbd68457bbed5c4d3aa0887f0f9c24\",\"name\":\"Admin1944\",\"sameAs\":[\"https:\\\/\\\/www.whatthefit.fr\"],\"url\":\"https:\\\/\\\/www.whatthefit.fr\\\/index.php\\\/author\\\/admin1944\\\/\"}]}<\/script>\n<!-- \/ Yoast SEO plugin. -->","yoast_head_json":{"title":"\u00a0Newsletter de Rentr\u00e9e - What the Fit","robots":{"index":"index","follow":"follow","max-snippet":"max-snippet:-1","max-image-preview":"max-image-preview:large","max-video-preview":"max-video-preview:-1"},"canonical":"https:\/\/www.whatthefit.fr\/index.php\/2025\/08\/25\/newsletter-de-rentree\/","og_locale":"fr_FR","og_type":"article","og_title":"\u00a0Newsletter de Rentr\u00e9e - What the Fit","og_description":"On esp\u00e8re que vos vacances ont \u00e9t\u00e9 sportives\u2026 ou pas (parce que la sieste au soleil, \u00e7a compte aussi comme r\u00e9cup\u00e9ration active, hein \ud83d\ude0e). C\u2019est l\u2019heure de rechausser vos baskets, de d\u00e9rouler vos tapis pour\u2026 LA SAISON 2025\/2026 ! \ud83d\ude80 Nouvelle salle : Le Pavillon Sainte Victoire Super nouvelle, What the Fit pose ses baskets [&hellip;]","og_url":"https:\/\/www.whatthefit.fr\/index.php\/2025\/08\/25\/newsletter-de-rentree\/","og_site_name":"What the Fit","article_publisher":"https:\/\/www.facebook.com\/AdminWTFit\/","article_published_time":"2025-08-25T10:07:56+00:00","article_modified_time":"2025-08-25T10:24:58+00:00","og_image":[{"url":"https:\/\/www.whatthefit.fr\/wp-content\/uploads\/2025\/08\/Tholonet-1024x576.jpg","type":"","width":"","height":""}],"author":"Admin1944","twitter_card":"summary_large_image","twitter_misc":{"\u00c9crit par":"Admin1944","Dur\u00e9e de lecture estim\u00e9e":"4 minutes"},"schema":{"@context":"https:\/\/schema.org","@graph":[{"@type":"Article","@id":"https:\/\/www.whatthefit.fr\/index.php\/2025\/08\/25\/newsletter-de-rentree\/#article","isPartOf":{"@id":"https:\/\/www.whatthefit.fr\/index.php\/2025\/08\/25\/newsletter-de-rentree\/"},"author":{"name":"Admin1944","@id":"https:\/\/www.whatthefit.fr\/#\/schema\/person\/44fbd68457bbed5c4d3aa0887f0f9c24"},"headline":"\u00a0Newsletter de Rentr\u00e9e","datePublished":"2025-08-25T10:07:56+00:00","dateModified":"2025-08-25T10:24:58+00:00","mainEntityOfPage":{"@id":"https:\/\/www.whatthefit.fr\/index.php\/2025\/08\/25\/newsletter-de-rentree\/"},"wordCount":693,"publisher":{"@id":"https:\/\/www.whatthefit.fr\/#organization"},"image":{"@id":"https:\/\/www.whatthefit.fr\/index.php\/2025\/08\/25\/newsletter-de-rentree\/#primaryimage"},"thumbnailUrl":"https:\/\/www.whatthefit.fr\/wp-content\/uploads\/2025\/08\/Tholonet-1024x576.jpg","articleSection":["Newsletter"],"inLanguage":"fr-FR"},{"@type":"WebPage","@id":"https:\/\/www.whatthefit.fr\/index.php\/2025\/08\/25\/newsletter-de-rentree\/","url":"https:\/\/www.whatthefit.fr\/index.php\/2025\/08\/25\/newsletter-de-rentree\/","name":"\u00a0Newsletter de Rentr\u00e9e - What the Fit","isPartOf":{"@id":"https:\/\/www.whatthefit.fr\/#website"},"primaryImageOfPage":{"@id":"https:\/\/www.whatthefit.fr\/index.php\/2025\/08\/25\/newsletter-de-rentree\/#primaryimage"},"image":{"@id":"https:\/\/www.whatthefit.fr\/index.php\/2025\/08\/25\/newsletter-de-rentree\/#primaryimage"},"thumbnailUrl":"https:\/\/www.whatthefit.fr\/wp-content\/uploads\/2025\/08\/Tholonet-1024x576.jpg","datePublished":"2025-08-25T10:07:56+00:00","dateModified":"2025-08-25T10:24:58+00:00","breadcrumb":{"@id":"https:\/\/www.whatthefit.fr\/index.php\/2025\/08\/25\/newsletter-de-rentree\/#breadcrumb"},"inLanguage":"fr-FR","potentialAction":[{"@type":"ReadAction","target":["https:\/\/www.whatthefit.fr\/index.php\/2025\/08\/25\/newsletter-de-rentree\/"]}]},{"@type":"ImageObject","inLanguage":"fr-FR","@id":"https:\/\/www.whatthefit.fr\/index.php\/2025\/08\/25\/newsletter-de-rentree\/#primaryimage","url":"https:\/\/www.whatthefit.fr\/wp-content\/uploads\/2025\/08\/Tholonet.jpg","contentUrl":"https:\/\/www.whatthefit.fr\/wp-content\/uploads\/2025\/08\/Tholonet.jpg","width":2000,"height":1125},{"@type":"BreadcrumbList","@id":"https:\/\/www.whatthefit.fr\/index.php\/2025\/08\/25\/newsletter-de-rentree\/#breadcrumb","itemListElement":[{"@type":"ListItem","position":1,"name":"Accueil","item":"https:\/\/www.whatthefit.fr\/"},{"@type":"ListItem","position":2,"name":"\u00a0Newsletter de Rentr\u00e9e"}]},{"@type":"WebSite","@id":"https:\/\/www.whatthefit.fr\/#website","url":"https:\/\/www.whatthefit.fr\/","name":"What the Fit","description":"May the Fit be With You !","publisher":{"@id":"https:\/\/www.whatthefit.fr\/#organization"},"potentialAction":[{"@type":"SearchAction","target":{"@type":"EntryPoint","urlTemplate":"https:\/\/www.whatthefit.fr\/?s={search_term_string}"},"query-input":{"@type":"PropertyValueSpecification","valueRequired":true,"valueName":"search_term_string"}}],"inLanguage":"fr-FR"},{"@type":"Organization","@id":"https:\/\/www.whatthefit.fr\/#organization","name":"WTF - What the Fit","url":"https:\/\/www.whatthefit.fr\/","logo":{"@type":"ImageObject","inLanguage":"fr-FR","@id":"https:\/\/www.whatthefit.fr\/#\/schema\/logo\/image\/","url":"https:\/\/www.whatthefit.fr\/wp-content\/uploads\/2022\/09\/Copie-de-Logo-Flo-VF-Noir.png","contentUrl":"https:\/\/www.whatthefit.fr\/wp-content\/uploads\/2022\/09\/Copie-de-Logo-Flo-VF-Noir.png","width":1079,"height":1419,"caption":"WTF - What the Fit"},"image":{"@id":"https:\/\/www.whatthefit.fr\/#\/schema\/logo\/image\/"},"sameAs":["https:\/\/www.facebook.com\/AdminWTFit\/","https:\/\/www.instagram.com\/wtfwhatthefitaix\/"]},{"@type":"Person","@id":"https:\/\/www.whatthefit.fr\/#\/schema\/person\/44fbd68457bbed5c4d3aa0887f0f9c24","name":"Admin1944","sameAs":["https:\/\/www.whatthefit.fr"],"url":"https:\/\/www.whatthefit.fr\/index.php\/author\/admin1944\/"}]}},"uagb_featured_image_src":{"full":false,"thumbnail":false,"medium":false,"medium_large":false,"large":false,"1536x1536":false,"2048x2048":false,"ocean-thumb-m":false,"ocean-thumb-ml":false,"ocean-thumb-l":false,"mailpoet_newsletter_max":false,"woocommerce_thumbnail":false,"woocommerce_single":false,"woocommerce_gallery_thumbnail":false},"uagb_author_info":{"display_name":"Admin1944","author_link":"https:\/\/www.whatthefit.fr\/index.php\/author\/admin1944\/"},"uagb_comment_info":0,"uagb_excerpt":"On esp\u00e8re que vos vacances ont \u00e9t\u00e9 sportives\u2026 ou pas (parce que la sieste au soleil, \u00e7a compte aussi comme r\u00e9cup\u00e9ration active, hein \ud83d\ude0e). C\u2019est l\u2019heure de rechausser vos baskets, de d\u00e9rouler vos tapis pour\u2026 LA SAISON 2025\/2026 ! \ud83d\ude80 Nouvelle salle : Le Pavillon Sainte Victoire Super nouvelle, What the Fit pose ses baskets\u2026","_links":{"self":[{"href":"https:\/\/www.whatthefit.fr\/index.php\/wp-json\/wp\/v2\/posts\/4324","targetHints":{"allow":["GET"]}}],"collection":[{"href":"https:\/\/www.whatthefit.fr\/index.php\/wp-json\/wp\/v2\/posts"}],"about":[{"href":"https:\/\/www.whatthefit.fr\/index.php\/wp-json\/wp\/v2\/types\/post"}],"author":[{"embeddable":true,"href":"https:\/\/www.whatthefit.fr\/index.php\/wp-json\/wp\/v2\/users\/1"}],"replies":[{"embeddable":true,"href":"https:\/\/www.whatthefit.fr\/index.php\/wp-json\/wp\/v2\/comments?post=4324"}],"version-history":[{"count":6,"href":"https:\/\/www.whatthefit.fr\/index.php\/wp-json\/wp\/v2\/posts\/4324\/revisions"}],"predecessor-version":[{"id":4332,"href":"https:\/\/www.whatthefit.fr\/index.php\/wp-json\/wp\/v2\/posts\/4324\/revisions\/4332"}],"wp:attachment":[{"href":"https:\/\/www.whatthefit.fr\/index.php\/wp-json\/wp\/v2\/media?parent=4324"}],"wp:term":[{"taxonomy":"category","embeddable":true,"href":"https:\/\/www.whatthefit.fr\/index.php\/wp-json\/wp\/v2\/categories?post=4324"},{"taxonomy":"post_tag","embeddable":true,"href":"https:\/\/www.whatthefit.fr\/index.php\/wp-json\/wp\/v2\/tags?post=4324"}],"curies":[{"name":"wp","href":"https:\/\/api.w.org\/{rel}","templated":true}]}}