{"id":973,"date":"2023-03-19T12:17:22","date_gmt":"2023-03-19T11:17:22","guid":{"rendered":"https:\/\/www.whatthefit.fr\/?p=973"},"modified":"2023-03-19T12:19:37","modified_gmt":"2023-03-19T11:19:37","slug":"news_du_printemps","status":"publish","type":"post","link":"https:\/\/www.whatthefit.fr\/index.php\/2023\/03\/19\/news_du_printemps\/","title":{"rendered":"News du Printemps !"},"content":{"rendered":"\n<p>Comment \u00e7a va chez vous ?<\/p>\n\n\n\n<p>C&rsquo;est le d\u00e9but du printemps et ca fait du bien \ud83c\udf40. Bon, okay aujourd&rsquo;hui il pleut, mais vous avez vu comment c&rsquo;est agr\u00e9able le soir, 18h30 et encore de la lumi\u00e8re ?<\/p>\n\n\n\n<p><br>Quand on rentre de la cr\u00e8che avec Th\u00e9odorette et qu&rsquo;on passe sur le pont de l&rsquo;Arc, avant la grue \u00e9tait \u00e9clair\u00e9e, on regardait les changements de couleurs, mais maintenant on plisse les yeux \u00e0 cause du soleil.<br>.. un vrai bonheur le printemps\ud83e\udd70.<\/p>\n\n\n\n<p>A ce sujet, dans une semaine on changera d&rsquo;heure \u23f0. Et donc..<\/p>\n\n\n\n<hr class=\"wp-block-separator has-alpha-channel-opacity is-style-wide\"\/>\n\n\n\n<h2 class=\"wp-block-heading\">Le retour de Cournand alias (What the) Fit with a view !<\/h2>\n\n\n\n<figure class=\"wp-block-image size-full\"><img loading=\"lazy\" decoding=\"async\" width=\"1024\" height=\"768\" src=\"https:\/\/www.whatthefit.fr\/wp-content\/uploads\/2023\/03\/facebook_1679214043279_7043134178582335388.jpg\" alt=\"\" class=\"wp-image-968\" srcset=\"https:\/\/www.whatthefit.fr\/wp-content\/uploads\/2023\/03\/facebook_1679214043279_7043134178582335388.jpg 1024w, https:\/\/www.whatthefit.fr\/wp-content\/uploads\/2023\/03\/facebook_1679214043279_7043134178582335388-300x225.jpg 300w, https:\/\/www.whatthefit.fr\/wp-content\/uploads\/2023\/03\/facebook_1679214043279_7043134178582335388-768x576.jpg 768w, https:\/\/www.whatthefit.fr\/wp-content\/uploads\/2023\/03\/facebook_1679214043279_7043134178582335388-600x450.jpg 600w\" sizes=\"auto, (max-width: 1024px) 100vw, 1024px\" \/><\/figure>\n\n\n\n<p>Comme promis en octobre, les cours seront de nouveau au planning \u00e0 l&rsquo;ext\u00e9rieur du gymnase Lucien Cournand, \u00e0 Aix Nord.<\/p>\n\n\n\n<p>Elsa et Manu assureront la rotation <strong>tous les lundis \u00e0 18h30 en Regular, Flex et potentiellement Pilates<\/strong>, en fonction des temp\u00e9ratures et de leur envie, <strong>\u00e0 partir du lundi 27 mars 2023<\/strong>.<\/p>\n\n\n\n<p>N&rsquo;h\u00e9sitez pas \u00e0 leur faire part aussi de vos envies pour les prochains cours, elles ont plus d&rsquo;un tour dans leur sac de sport \ud83e\uddf3.<\/p>\n\n\n\n<div class=\"wp-block-buttons is-layout-flex wp-block-buttons-is-layout-flex\">\n<div class=\"wp-block-button aligncenter is-style-fill\"><a class=\"wp-block-button__link wp-element-button\" href=\"https:\/\/www.whatthefit.fr\/index.php\/lieux\/cournand\/\" target=\"_blank\" rel=\"noreferrer noopener\">C&rsquo;est o\u00f9, Cournand ?<\/a><\/div>\n<\/div>\n\n\n\n<hr class=\"wp-block-separator has-alpha-channel-opacity is-style-wide\"\/>\n\n\n\n<h2 class=\"wp-block-heading\">Changements de programmes<\/h2>\n\n\n\n<p>A venir tr\u00e8s prochainement..<\/p>\n\n\n\n<ul class=\"wp-block-list\">\n<li>Aur\u00e9lie a rejoint l&rsquo;\u00e9quipe en coanim depuis 2020 (Aur\u00e9lie, j&rsquo;esp\u00e8re que je ne me trompe pas). Une de ses qualit\u00e9s, l&rsquo;humilit\u00e9. Ce n&rsquo;est pas elle qui a demand\u00e9 \u00e0 devenir animatrice, mais elle a accept\u00e9 et relev\u00e9 le d\u00e9fi pour mon remplacement quand je levais le pied avec baby in the bidou.. Maintenant, elle pr\u00e9pare son premier Regular, \u00e0 elle, avec ses musiques, ses mouvements, ses choix et toujours cette \u00e9nergie, comme un joyau brut, qui la caract\u00e9rise. Elle devrait vous le proposer dans les semaines \u00e0 venir. No pressure.<\/li>\n\n\n\n<li>Notre duo magique, Elsa &amp; Flo, a quasiment fini son nouveau IT. Les 40 000 musiques n\u00e9cessaires \u00e0 leur prochain programme sont valid\u00e9es, t\u00e9l\u00e9charg\u00e9es, les mouvements sont choisis, et elles ont m\u00eame ajout\u00e9 une petite surprise sur le dernier bloc. A tester tr\u00e8s bient\u00f4t.<\/li>\n\n\n\n<li>Moi-m\u00eame, j&rsquo;vais vous Balancer mon prochain cours la semaine prochaine :). Apr\u00e8s longtemps \u00e0 tra\u00eener ma frustration de ne pas le renouveler rapidement, ca y est. Et tant pis si je ne suis pas fin pr\u00eate.. On change, plus de report.<br><\/li>\n\n\n\n<li>Et d&rsquo;autres projets dans les tuyaux.. Mimi en fusion qui a d\u00e9j\u00e0 envie de changer de programme (j&rsquo;vous jure, elle fait \u00e7a en deux temps trois mouvements, \u00e0 l&rsquo;instinct, trop forte), et d&rsquo;autres surprises bient\u00f4t sur le FitFloor.<\/li>\n<\/ul>\n\n\n\n<hr class=\"wp-block-separator has-alpha-channel-opacity is-style-wide\"\/>\n\n\n\n<h2 class=\"wp-block-heading\">Un tr\u00e8s grand merci \u00e0 Aur\u00e9lie (c&rsquo;est ta f\u00eate) pour son super taf !!!!<\/h2>\n\n\n\n<p>Nos supers d\u00e9bardeurs sont arriv\u00e9s, on est ravies, ils sont canon \ud83e\udd29.<\/p>\n\n\n\n<figure class=\"wp-block-image size-large\"><img loading=\"lazy\" decoding=\"async\" width=\"1024\" height=\"683\" src=\"https:\/\/www.whatthefit.fr\/wp-content\/uploads\/2023\/03\/facebook_1679215195267_7043139010370549211-1024x683.jpg\" alt=\"\" class=\"wp-image-970\" srcset=\"https:\/\/www.whatthefit.fr\/wp-content\/uploads\/2023\/03\/facebook_1679215195267_7043139010370549211-1024x683.jpg 1024w, https:\/\/www.whatthefit.fr\/wp-content\/uploads\/2023\/03\/facebook_1679215195267_7043139010370549211-300x200.jpg 300w, https:\/\/www.whatthefit.fr\/wp-content\/uploads\/2023\/03\/facebook_1679215195267_7043139010370549211-768x512.jpg 768w, https:\/\/www.whatthefit.fr\/wp-content\/uploads\/2023\/03\/facebook_1679215195267_7043139010370549211-600x400.jpg 600w, https:\/\/www.whatthefit.fr\/wp-content\/uploads\/2023\/03\/facebook_1679215195267_7043139010370549211.jpg 1080w\" sizes=\"auto, (max-width: 1024px) 100vw, 1024px\" \/><\/figure>\n\n\n\n<p>Oui, vous avez remarqu\u00e9, on a eu un petit impr\u00e9vu de couleur, c&rsquo;est pas grave. On fera mieux la prochaine fois. Et d&rsquo;apr\u00e8s les retours en salle, vous les trouvez super comme ca \ud83e\udd29.<\/p>\n\n\n\n<hr class=\"wp-block-separator has-alpha-channel-opacity is-style-wide\"\/>\n\n\n\n<h2 class=\"wp-block-heading\">Commande : modifs sur le site<\/h2>\n\n\n\n<p>Pour des raisons qui me sont inconnues, certains d&rsquo;entre vous rencontraient (j&rsquo;ai r\u00e9fl\u00e9chi 3 minutes \u00e0 l&rsquo;accord de ce verbe..) des probl\u00e8mes pour se connecter au site et donc passer commande.<br>N&rsquo;ayant pas trouv\u00e9 de solution apr\u00e8s de multiples recherches, n&rsquo;\u00e9tant pas informaticienne et ayant tr\u00e8s peu de temps pour du d\u00e9v informatique (bien occup\u00e9e par mon Th\u00e9odorus Rex), j&rsquo;ai contourn\u00e9 le probl\u00e8me : j&rsquo;ai ouvert les commandes aux visiteurs non connect\u00e9s.<\/p>\n\n\n\n<p>Je suis d\u00e9sol\u00e9e d&rsquo;avoir mis autant de temps \u00e0 r\u00e9gler ce probl\u00e8me, ca m&rsquo;a fatigu\u00e9e, et ca me travaille.. Je ne comprends pas d&rsquo;o\u00f9 vient ce bug. Shit.<\/p>\n\n\n\n<p>En fran\u00e7ais, ca veut dire que vous pouvez <strong>passer commande sur le site sans m\u00eame vous connecter \u00e0 votre compte.<\/strong><\/p>\n\n\n\n<p><br>Archi simple :<br><strong>Tarifs (ou boutique) \/ choix du forfait (ou de l&rsquo;unit\u00e9) \/ paiement en CB ou salle -&gt; PAF<br><\/strong><br>Voil\u00e0, ca c&rsquo;est fait. Ca me tracassera plus, de vous savoir bloqu\u00e9s.<\/p>\n\n\n\n<div class=\"wp-block-buttons is-content-justification-center is-layout-flex wp-container-core-buttons-is-layout-16018d1d wp-block-buttons-is-layout-flex\">\n<div class=\"wp-block-button is-style-fill\"><a class=\"wp-block-button__link wp-element-button\" href=\"https:\/\/www.whatthefit.fr\/index.php\/boutique\/\" target=\"_blank\" rel=\"noreferrer noopener\">Je commande EASY PEASY<\/a><\/div>\n<\/div>\n\n\n\n<hr class=\"wp-block-separator has-alpha-channel-opacity is-style-wide\"\/>\n\n\n\n<p>On se retrouve bient\u00f4t ?<\/p>\n\n\n\n<div class=\"wp-block-buttons is-layout-flex wp-block-buttons-is-layout-flex\">\n<div class=\"wp-block-button aligncenter is-style-fill\"><a class=\"wp-block-button__link wp-element-button\" href=\"https:\/\/www.whatthefit.fr\/index.php\/planning\/\" target=\"_blank\" rel=\"noreferrer noopener\">Un check au planning WTF<\/a><\/div>\n<\/div>\n\n\n\n<p>A vite !<br>Pau pour What the Fit ! \ud83d\udc9a<\/p>\n","protected":false},"excerpt":{"rendered":"<p>Comment \u00e7a va chez vous ? C&rsquo;est le d\u00e9but du printemps et ca fait du bien \ud83c\udf40. Bon, okay aujourd&rsquo;hui il pleut, mais vous avez vu comment c&rsquo;est agr\u00e9able le soir, 18h30 et encore de la lumi\u00e8re ? Quand on rentre de la cr\u00e8che avec Th\u00e9odorette et qu&rsquo;on passe sur le pont de l&rsquo;Arc, avant [&hellip;]<\/p>\n","protected":false},"author":1,"featured_media":0,"comment_status":"closed","ping_status":"open","sticky":false,"template":"","format":"standard","meta":{"_uag_custom_page_level_css":"","footnotes":""},"categories":[46],"tags":[],"class_list":["post-973","post","type-post","status-publish","format-standard","hentry","category-newsletter","entry"],"yoast_head":"<!-- This site is optimized with the Yoast SEO plugin v27.5 - https:\/\/yoast.com\/product\/yoast-seo-wordpress\/ -->\n<title>News du Printemps ! - What the Fit<\/title>\n<meta name=\"robots\" content=\"index, follow, max-snippet:-1, max-image-preview:large, max-video-preview:-1\" \/>\n<link rel=\"canonical\" href=\"https:\/\/www.whatthefit.fr\/index.php\/2023\/03\/19\/news_du_printemps\/\" \/>\n<meta property=\"og:locale\" content=\"fr_FR\" \/>\n<meta property=\"og:type\" content=\"article\" \/>\n<meta property=\"og:title\" content=\"News du Printemps ! - What the Fit\" \/>\n<meta property=\"og:description\" content=\"Comment \u00e7a va chez vous ? C&rsquo;est le d\u00e9but du printemps et ca fait du bien \ud83c\udf40. Bon, okay aujourd&rsquo;hui il pleut, mais vous avez vu comment c&rsquo;est agr\u00e9able le soir, 18h30 et encore de la lumi\u00e8re ? Quand on rentre de la cr\u00e8che avec Th\u00e9odorette et qu&rsquo;on passe sur le pont de l&rsquo;Arc, avant [&hellip;]\" \/>\n<meta property=\"og:url\" content=\"https:\/\/www.whatthefit.fr\/index.php\/2023\/03\/19\/news_du_printemps\/\" \/>\n<meta property=\"og:site_name\" content=\"What the Fit\" \/>\n<meta property=\"article:publisher\" content=\"https:\/\/www.facebook.com\/AdminWTFit\/\" \/>\n<meta property=\"article:published_time\" content=\"2023-03-19T11:17:22+00:00\" \/>\n<meta property=\"article:modified_time\" content=\"2023-03-19T11:19:37+00:00\" \/>\n<meta property=\"og:image\" content=\"https:\/\/www.whatthefit.fr\/wp-content\/uploads\/2023\/03\/facebook_1679214043279_7043134178582335388.jpg\" \/>\n<meta name=\"author\" content=\"Admin1944\" \/>\n<meta name=\"twitter:card\" content=\"summary_large_image\" \/>\n<meta name=\"twitter:label1\" content=\"\u00c9crit par\" \/>\n\t<meta name=\"twitter:data1\" content=\"Admin1944\" \/>\n\t<meta name=\"twitter:label2\" content=\"Dur\u00e9e de lecture estim\u00e9e\" \/>\n\t<meta name=\"twitter:data2\" content=\"4 minutes\" \/>\n<script type=\"application\/ld+json\" class=\"yoast-schema-graph\">{\"@context\":\"https:\\\/\\\/schema.org\",\"@graph\":[{\"@type\":\"Article\",\"@id\":\"https:\\\/\\\/www.whatthefit.fr\\\/index.php\\\/2023\\\/03\\\/19\\\/news_du_printemps\\\/#article\",\"isPartOf\":{\"@id\":\"https:\\\/\\\/www.whatthefit.fr\\\/index.php\\\/2023\\\/03\\\/19\\\/news_du_printemps\\\/\"},\"author\":{\"name\":\"Admin1944\",\"@id\":\"https:\\\/\\\/www.whatthefit.fr\\\/#\\\/schema\\\/person\\\/44fbd68457bbed5c4d3aa0887f0f9c24\"},\"headline\":\"News du Printemps !\",\"datePublished\":\"2023-03-19T11:17:22+00:00\",\"dateModified\":\"2023-03-19T11:19:37+00:00\",\"mainEntityOfPage\":{\"@id\":\"https:\\\/\\\/www.whatthefit.fr\\\/index.php\\\/2023\\\/03\\\/19\\\/news_du_printemps\\\/\"},\"wordCount\":701,\"publisher\":{\"@id\":\"https:\\\/\\\/www.whatthefit.fr\\\/#organization\"},\"image\":{\"@id\":\"https:\\\/\\\/www.whatthefit.fr\\\/index.php\\\/2023\\\/03\\\/19\\\/news_du_printemps\\\/#primaryimage\"},\"thumbnailUrl\":\"https:\\\/\\\/www.whatthefit.fr\\\/wp-content\\\/uploads\\\/2023\\\/03\\\/facebook_1679214043279_7043134178582335388.jpg\",\"articleSection\":[\"Newsletter\"],\"inLanguage\":\"fr-FR\"},{\"@type\":\"WebPage\",\"@id\":\"https:\\\/\\\/www.whatthefit.fr\\\/index.php\\\/2023\\\/03\\\/19\\\/news_du_printemps\\\/\",\"url\":\"https:\\\/\\\/www.whatthefit.fr\\\/index.php\\\/2023\\\/03\\\/19\\\/news_du_printemps\\\/\",\"name\":\"News du Printemps ! - What the Fit\",\"isPartOf\":{\"@id\":\"https:\\\/\\\/www.whatthefit.fr\\\/#website\"},\"primaryImageOfPage\":{\"@id\":\"https:\\\/\\\/www.whatthefit.fr\\\/index.php\\\/2023\\\/03\\\/19\\\/news_du_printemps\\\/#primaryimage\"},\"image\":{\"@id\":\"https:\\\/\\\/www.whatthefit.fr\\\/index.php\\\/2023\\\/03\\\/19\\\/news_du_printemps\\\/#primaryimage\"},\"thumbnailUrl\":\"https:\\\/\\\/www.whatthefit.fr\\\/wp-content\\\/uploads\\\/2023\\\/03\\\/facebook_1679214043279_7043134178582335388.jpg\",\"datePublished\":\"2023-03-19T11:17:22+00:00\",\"dateModified\":\"2023-03-19T11:19:37+00:00\",\"breadcrumb\":{\"@id\":\"https:\\\/\\\/www.whatthefit.fr\\\/index.php\\\/2023\\\/03\\\/19\\\/news_du_printemps\\\/#breadcrumb\"},\"inLanguage\":\"fr-FR\",\"potentialAction\":[{\"@type\":\"ReadAction\",\"target\":[\"https:\\\/\\\/www.whatthefit.fr\\\/index.php\\\/2023\\\/03\\\/19\\\/news_du_printemps\\\/\"]}]},{\"@type\":\"ImageObject\",\"inLanguage\":\"fr-FR\",\"@id\":\"https:\\\/\\\/www.whatthefit.fr\\\/index.php\\\/2023\\\/03\\\/19\\\/news_du_printemps\\\/#primaryimage\",\"url\":\"https:\\\/\\\/www.whatthefit.fr\\\/wp-content\\\/uploads\\\/2023\\\/03\\\/facebook_1679214043279_7043134178582335388.jpg\",\"contentUrl\":\"https:\\\/\\\/www.whatthefit.fr\\\/wp-content\\\/uploads\\\/2023\\\/03\\\/facebook_1679214043279_7043134178582335388.jpg\",\"width\":1024,\"height\":768},{\"@type\":\"BreadcrumbList\",\"@id\":\"https:\\\/\\\/www.whatthefit.fr\\\/index.php\\\/2023\\\/03\\\/19\\\/news_du_printemps\\\/#breadcrumb\",\"itemListElement\":[{\"@type\":\"ListItem\",\"position\":1,\"name\":\"Accueil\",\"item\":\"https:\\\/\\\/www.whatthefit.fr\\\/\"},{\"@type\":\"ListItem\",\"position\":2,\"name\":\"News du Printemps !\"}]},{\"@type\":\"WebSite\",\"@id\":\"https:\\\/\\\/www.whatthefit.fr\\\/#website\",\"url\":\"https:\\\/\\\/www.whatthefit.fr\\\/\",\"name\":\"What the Fit\",\"description\":\"May the Fit be With You !\",\"publisher\":{\"@id\":\"https:\\\/\\\/www.whatthefit.fr\\\/#organization\"},\"potentialAction\":[{\"@type\":\"SearchAction\",\"target\":{\"@type\":\"EntryPoint\",\"urlTemplate\":\"https:\\\/\\\/www.whatthefit.fr\\\/?s={search_term_string}\"},\"query-input\":{\"@type\":\"PropertyValueSpecification\",\"valueRequired\":true,\"valueName\":\"search_term_string\"}}],\"inLanguage\":\"fr-FR\"},{\"@type\":\"Organization\",\"@id\":\"https:\\\/\\\/www.whatthefit.fr\\\/#organization\",\"name\":\"WTF - What the Fit\",\"url\":\"https:\\\/\\\/www.whatthefit.fr\\\/\",\"logo\":{\"@type\":\"ImageObject\",\"inLanguage\":\"fr-FR\",\"@id\":\"https:\\\/\\\/www.whatthefit.fr\\\/#\\\/schema\\\/logo\\\/image\\\/\",\"url\":\"https:\\\/\\\/www.whatthefit.fr\\\/wp-content\\\/uploads\\\/2022\\\/09\\\/Copie-de-Logo-Flo-VF-Noir.png\",\"contentUrl\":\"https:\\\/\\\/www.whatthefit.fr\\\/wp-content\\\/uploads\\\/2022\\\/09\\\/Copie-de-Logo-Flo-VF-Noir.png\",\"width\":1079,\"height\":1419,\"caption\":\"WTF - What the Fit\"},\"image\":{\"@id\":\"https:\\\/\\\/www.whatthefit.fr\\\/#\\\/schema\\\/logo\\\/image\\\/\"},\"sameAs\":[\"https:\\\/\\\/www.facebook.com\\\/AdminWTFit\\\/\",\"https:\\\/\\\/www.instagram.com\\\/wtfwhatthefitaix\\\/\"]},{\"@type\":\"Person\",\"@id\":\"https:\\\/\\\/www.whatthefit.fr\\\/#\\\/schema\\\/person\\\/44fbd68457bbed5c4d3aa0887f0f9c24\",\"name\":\"Admin1944\",\"sameAs\":[\"https:\\\/\\\/www.whatthefit.fr\"],\"url\":\"https:\\\/\\\/www.whatthefit.fr\\\/index.php\\\/author\\\/admin1944\\\/\"}]}<\/script>\n<!-- \/ Yoast SEO plugin. -->","yoast_head_json":{"title":"News du Printemps ! - What the Fit","robots":{"index":"index","follow":"follow","max-snippet":"max-snippet:-1","max-image-preview":"max-image-preview:large","max-video-preview":"max-video-preview:-1"},"canonical":"https:\/\/www.whatthefit.fr\/index.php\/2023\/03\/19\/news_du_printemps\/","og_locale":"fr_FR","og_type":"article","og_title":"News du Printemps ! - What the Fit","og_description":"Comment \u00e7a va chez vous ? C&rsquo;est le d\u00e9but du printemps et ca fait du bien \ud83c\udf40. Bon, okay aujourd&rsquo;hui il pleut, mais vous avez vu comment c&rsquo;est agr\u00e9able le soir, 18h30 et encore de la lumi\u00e8re ? Quand on rentre de la cr\u00e8che avec Th\u00e9odorette et qu&rsquo;on passe sur le pont de l&rsquo;Arc, avant [&hellip;]","og_url":"https:\/\/www.whatthefit.fr\/index.php\/2023\/03\/19\/news_du_printemps\/","og_site_name":"What the Fit","article_publisher":"https:\/\/www.facebook.com\/AdminWTFit\/","article_published_time":"2023-03-19T11:17:22+00:00","article_modified_time":"2023-03-19T11:19:37+00:00","og_image":[{"url":"https:\/\/www.whatthefit.fr\/wp-content\/uploads\/2023\/03\/facebook_1679214043279_7043134178582335388.jpg","type":"","width":"","height":""}],"author":"Admin1944","twitter_card":"summary_large_image","twitter_misc":{"\u00c9crit par":"Admin1944","Dur\u00e9e de lecture estim\u00e9e":"4 minutes"},"schema":{"@context":"https:\/\/schema.org","@graph":[{"@type":"Article","@id":"https:\/\/www.whatthefit.fr\/index.php\/2023\/03\/19\/news_du_printemps\/#article","isPartOf":{"@id":"https:\/\/www.whatthefit.fr\/index.php\/2023\/03\/19\/news_du_printemps\/"},"author":{"name":"Admin1944","@id":"https:\/\/www.whatthefit.fr\/#\/schema\/person\/44fbd68457bbed5c4d3aa0887f0f9c24"},"headline":"News du Printemps !","datePublished":"2023-03-19T11:17:22+00:00","dateModified":"2023-03-19T11:19:37+00:00","mainEntityOfPage":{"@id":"https:\/\/www.whatthefit.fr\/index.php\/2023\/03\/19\/news_du_printemps\/"},"wordCount":701,"publisher":{"@id":"https:\/\/www.whatthefit.fr\/#organization"},"image":{"@id":"https:\/\/www.whatthefit.fr\/index.php\/2023\/03\/19\/news_du_printemps\/#primaryimage"},"thumbnailUrl":"https:\/\/www.whatthefit.fr\/wp-content\/uploads\/2023\/03\/facebook_1679214043279_7043134178582335388.jpg","articleSection":["Newsletter"],"inLanguage":"fr-FR"},{"@type":"WebPage","@id":"https:\/\/www.whatthefit.fr\/index.php\/2023\/03\/19\/news_du_printemps\/","url":"https:\/\/www.whatthefit.fr\/index.php\/2023\/03\/19\/news_du_printemps\/","name":"News du Printemps ! - What the Fit","isPartOf":{"@id":"https:\/\/www.whatthefit.fr\/#website"},"primaryImageOfPage":{"@id":"https:\/\/www.whatthefit.fr\/index.php\/2023\/03\/19\/news_du_printemps\/#primaryimage"},"image":{"@id":"https:\/\/www.whatthefit.fr\/index.php\/2023\/03\/19\/news_du_printemps\/#primaryimage"},"thumbnailUrl":"https:\/\/www.whatthefit.fr\/wp-content\/uploads\/2023\/03\/facebook_1679214043279_7043134178582335388.jpg","datePublished":"2023-03-19T11:17:22+00:00","dateModified":"2023-03-19T11:19:37+00:00","breadcrumb":{"@id":"https:\/\/www.whatthefit.fr\/index.php\/2023\/03\/19\/news_du_printemps\/#breadcrumb"},"inLanguage":"fr-FR","potentialAction":[{"@type":"ReadAction","target":["https:\/\/www.whatthefit.fr\/index.php\/2023\/03\/19\/news_du_printemps\/"]}]},{"@type":"ImageObject","inLanguage":"fr-FR","@id":"https:\/\/www.whatthefit.fr\/index.php\/2023\/03\/19\/news_du_printemps\/#primaryimage","url":"https:\/\/www.whatthefit.fr\/wp-content\/uploads\/2023\/03\/facebook_1679214043279_7043134178582335388.jpg","contentUrl":"https:\/\/www.whatthefit.fr\/wp-content\/uploads\/2023\/03\/facebook_1679214043279_7043134178582335388.jpg","width":1024,"height":768},{"@type":"BreadcrumbList","@id":"https:\/\/www.whatthefit.fr\/index.php\/2023\/03\/19\/news_du_printemps\/#breadcrumb","itemListElement":[{"@type":"ListItem","position":1,"name":"Accueil","item":"https:\/\/www.whatthefit.fr\/"},{"@type":"ListItem","position":2,"name":"News du Printemps !"}]},{"@type":"WebSite","@id":"https:\/\/www.whatthefit.fr\/#website","url":"https:\/\/www.whatthefit.fr\/","name":"What the Fit","description":"May the Fit be With You !","publisher":{"@id":"https:\/\/www.whatthefit.fr\/#organization"},"potentialAction":[{"@type":"SearchAction","target":{"@type":"EntryPoint","urlTemplate":"https:\/\/www.whatthefit.fr\/?s={search_term_string}"},"query-input":{"@type":"PropertyValueSpecification","valueRequired":true,"valueName":"search_term_string"}}],"inLanguage":"fr-FR"},{"@type":"Organization","@id":"https:\/\/www.whatthefit.fr\/#organization","name":"WTF - What the Fit","url":"https:\/\/www.whatthefit.fr\/","logo":{"@type":"ImageObject","inLanguage":"fr-FR","@id":"https:\/\/www.whatthefit.fr\/#\/schema\/logo\/image\/","url":"https:\/\/www.whatthefit.fr\/wp-content\/uploads\/2022\/09\/Copie-de-Logo-Flo-VF-Noir.png","contentUrl":"https:\/\/www.whatthefit.fr\/wp-content\/uploads\/2022\/09\/Copie-de-Logo-Flo-VF-Noir.png","width":1079,"height":1419,"caption":"WTF - What the Fit"},"image":{"@id":"https:\/\/www.whatthefit.fr\/#\/schema\/logo\/image\/"},"sameAs":["https:\/\/www.facebook.com\/AdminWTFit\/","https:\/\/www.instagram.com\/wtfwhatthefitaix\/"]},{"@type":"Person","@id":"https:\/\/www.whatthefit.fr\/#\/schema\/person\/44fbd68457bbed5c4d3aa0887f0f9c24","name":"Admin1944","sameAs":["https:\/\/www.whatthefit.fr"],"url":"https:\/\/www.whatthefit.fr\/index.php\/author\/admin1944\/"}]}},"uagb_featured_image_src":{"full":false,"thumbnail":false,"medium":false,"medium_large":false,"large":false,"1536x1536":false,"2048x2048":false,"ocean-thumb-m":false,"ocean-thumb-ml":false,"ocean-thumb-l":false,"mailpoet_newsletter_max":false,"woocommerce_thumbnail":false,"woocommerce_single":false,"woocommerce_gallery_thumbnail":false},"uagb_author_info":{"display_name":"Admin1944","author_link":"https:\/\/www.whatthefit.fr\/index.php\/author\/admin1944\/"},"uagb_comment_info":0,"uagb_excerpt":"Comment \u00e7a va chez vous ? C&rsquo;est le d\u00e9but du printemps et ca fait du bien \ud83c\udf40. Bon, okay aujourd&rsquo;hui il pleut, mais vous avez vu comment c&rsquo;est agr\u00e9able le soir, 18h30 et encore de la lumi\u00e8re ? Quand on rentre de la cr\u00e8che avec Th\u00e9odorette et qu&rsquo;on passe sur le pont de l&rsquo;Arc, avant\u2026","_links":{"self":[{"href":"https:\/\/www.whatthefit.fr\/index.php\/wp-json\/wp\/v2\/posts\/973","targetHints":{"allow":["GET"]}}],"collection":[{"href":"https:\/\/www.whatthefit.fr\/index.php\/wp-json\/wp\/v2\/posts"}],"about":[{"href":"https:\/\/www.whatthefit.fr\/index.php\/wp-json\/wp\/v2\/types\/post"}],"author":[{"embeddable":true,"href":"https:\/\/www.whatthefit.fr\/index.php\/wp-json\/wp\/v2\/users\/1"}],"replies":[{"embeddable":true,"href":"https:\/\/www.whatthefit.fr\/index.php\/wp-json\/wp\/v2\/comments?post=973"}],"version-history":[{"count":2,"href":"https:\/\/www.whatthefit.fr\/index.php\/wp-json\/wp\/v2\/posts\/973\/revisions"}],"predecessor-version":[{"id":975,"href":"https:\/\/www.whatthefit.fr\/index.php\/wp-json\/wp\/v2\/posts\/973\/revisions\/975"}],"wp:attachment":[{"href":"https:\/\/www.whatthefit.fr\/index.php\/wp-json\/wp\/v2\/media?parent=973"}],"wp:term":[{"taxonomy":"category","embeddable":true,"href":"https:\/\/www.whatthefit.fr\/index.php\/wp-json\/wp\/v2\/categories?post=973"},{"taxonomy":"post_tag","embeddable":true,"href":"https:\/\/www.whatthefit.fr\/index.php\/wp-json\/wp\/v2\/tags?post=973"}],"curies":[{"name":"wp","href":"https:\/\/api.w.org\/{rel}","templated":true}]}}